{"id":585,"date":"2018-01-13T18:25:59","date_gmt":"2018-01-13T17:25:59","guid":{"rendered":"http:\/\/www.apa-alessano.com\/?p=585"},"modified":"2018-01-16T22:26:52","modified_gmt":"2018-01-16T21:26:52","slug":"585","status":"publish","type":"post","link":"https:\/\/www.apa-alessano.com\/?p=585","title":{"rendered":"Semifinali nazionali &#8211; Lettera alle scuole"},"content":{"rendered":"<p><strong>\u00a0<\/strong><\/p>\n<p style=\"text-align: center;\"><span style=\"color: #0000ff;\"><strong>\u00a0ISTITUTO COMPRENSIVO STATALE<br \/>\n<\/strong><\/span><strong><span style=\"color: #0000ff;\">Via\u00a0 Rimembranze n.2 \u2013 73031 ALESSANO\u00a0 (LE)<\/span><br \/>\n<\/strong>Distretto n. 47\u00a0 &#8211; Tel. Fax 0833781118 \u2013 Cod. Fis.\u00a0 90018660754 &#8211; Cod. Min.:\u00a0 LEIC80400T<br \/>\nWeb Site: <a href=\"http:\/\/www.comprensivoalessano.it\">www.comprensivoalessano.it<\/a> &#8211; E-mail: <a href=\"mailto:leic80400t@istruzione.it\">leic80400t@istruzione.it<\/a> &#8211; Pec: <a href=\"mailto:leic80400t@pec.istruzione.it\">leic80400t@pec.istruzione.it<\/a><\/p>\n<p style=\"text-align: center;\">&#8212;&#8212;&#8212;&#8212;&#8212;&#8212;&#8212;&#8212;&#8212;&#8212;&#8212;&#8212;&#8212;&#8212;&#8212;&#8212;&#8212;&#8212;&#8212;&#8212;&#8212;&#8212;&#8212;&#8212;&#8212;&#8212;&#8212;&#8212;&#8212;&#8212;&#8212;&#8212;&#8212;&#8212;&#8212;&#8212;&#8212;&#8212;&#8212;&#8212;&#8212;&#8212;&#8212;&#8212;&#8212;&#8212;&#8212;&#8212;&#8212;&#8212;<\/p>\n<p>\u00a0 \u00a0 \u00a0 \u00a0 \u00a0 \u00a0 \u00a0 \u00a0 \u00a0 \u00a0 \u00a0 \u00a0Prot. n. 154\/B33<\/p>\n<p style=\"text-align: right;\">Gent.mi Dirigenti Scolastici<br \/>\np.c. ai Referenti di \u201cGiochi matematici\u201de agli Alunni<br \/>\ndegli Istituti\/Scuole della Provincia di<br \/>\n<strong>73100\u00a0\u00a0\u00a0 <u>LECCE<\/u><\/strong><\/p>\n<p>&nbsp;<\/p>\n<p><strong>\u00a0 \u00a0 \u00a0 \u00a0 Oggetto: <u>Giochi Matematici: semifinali di zona.\u00a0 &#8211;\u00a0 A.S.: 2017 &#8211; 2018<\/u><\/strong><\/p>\n<p>&nbsp;<\/p>\n<p style=\"text-align: center;\"><span style=\"color: #ff0000;\"><strong>\u201cCAMPIONATI INTERNAZIONALI DI \u201cGIOCHI MATEMATICI\u201d.<\/strong><\/span><\/p>\n<p><strong><u>\u00a0<\/u><\/strong><\/p>\n<p>Logica, intuizione e fantasia sono gli unici requisiti necessari per partecipare ai <u>Campionati Internazionali di Giochi Matematici,<\/u> giunti alla trentaduesima edizione nel mondo e per la venticinquesima volta organizzati in Italia dal <strong><em>Centro PRISTEM <\/em><\/strong>dell&#8217;Universit\u00e0 Bocconi.<br \/>\nLa partecipazione di numerose scuole della Provincia di Lecce al progetto dimostra la validit\u00e0 dell\u2019iniziativa e l\u2019impegno delle scuole nel fornire agli alunni valide occasioni di sviluppo nella preparazione logico-matematica.<br \/>\nAnche le famiglie sono sempre pi\u00f9 consapevoli dell&#8217;importanza della matematica per il futuro dei figli.<br \/>\nLa matematica \u00e8 una componente essenziale e irrinunciabile dell&#8217;apprendimento di una persona; \u00e8 il miglior modello di linguaggio razionale di cui l&#8217;uomo dispone.<br \/>\nCon la presente desideriamo informare il personale scolastico e gli alunni di tutte le Scuole della Provincia e del Salento che l\u2019<em>ISTITUTO COMPRENSIVO STATALE DI ALESSANO<\/em> \u00e8 sede territoriale per lo svolgimento delle prove relative alle selezioni nazionali che si svolgeranno in tutta Italia <strong><em>sabato 17 marzo 2018<\/em><\/strong><em> &#8211; <\/em><strong>(<em>le iscrizioni devono avvenire entro il 10 febbraio 2018).<\/em><\/strong><\/p>\n<p style=\"text-align: center;\"><strong>\u00a0\u00a0 Ai campionati possono partecipare tutte le scuole con gli alunni che dimostrano particolari abilit\u00e0 logico-matematiche. Gli alunni possono aderire anche privatamente.<\/strong><\/p>\n<p>\u00a0\u00a0 Per una puntuale informazione sul progetto si allega la scheda e il manifesto predisposti dall\u2019Universit\u00e0 Bocconi di Milano<br \/>\nUlteriori informazioni possono essere apprese consultando i siti <a href=\"http:\/\/www.comprensivoalessano.gov.it\">www.comprensivoalessano.gov.it<\/a> e\/o <a href=\"https:\/\/www.apa-alessano.com\">www.apa-alessano.com<\/a> oppure scrivendo a:\u00a0 <a href=\"mailto:leic80400t@istruzione.it\">leic80400t@istruzione.it<\/a>o telefonando al responsabile locale Antonio Melcarne (cell. 348.4446482).<\/p>\n<p>Distinti saluti.<\/p>\n<p>&nbsp;<\/p>\n<p>Il Responsabile\u00a0 locale per i Giochi Matematici\u00a0 \u00a0 \u00a0 \u00a0 \u00a0 \u00a0 \u00a0 \u00a0 \u00a0 \u00a0 \u00a0 \u00a0 \u00a0 \u00a0 \u00a0 \u00a0 \u00a0 \u00a0 \u00a0 \u00a0 \u00a0 \u00a0 \u00a0 \u00a0 \u00a0Il Dirigente Scolastico<br \/>\n<em>\u00a0 \u00a0 \u00a0 \u00a0f.to Prof.AntonioMelcarne\u00a0 \u00a0 \u00a0 \u00a0 \u00a0 \u00a0 \u00a0 \u00a0 \u00a0 \u00a0 \u00a0 \u00a0 \u00a0 \u00a0 \u00a0 \u00a0 \u00a0 \u00a0 \u00a0 \u00a0 \u00a0 \u00a0 \u00a0 \u00a0 \u00a0 \u00a0 \u00a0 \u00a0 \u00a0 \u00a0 \u00a0f.to Prof.ssa Salvatora Accogli<\/em><\/p>\n<p>Alessano, 13 gennaio 2018<\/p>\n<p><span style=\"font-size: 14pt;\"><strong>&#8212;&#8212;&#8212;&#8212;&#8212;&#8212;&#8212;&#8212;&#8212;&#8212;&#8212;&#8212;&#8212;&#8212;&#8212;&#8212;&#8212;&#8212;&#8212;&#8212;&#8212;&#8212;&#8212;&#8212;&#8212;&#8212;&#8212;&#8212;&#8212;&#8212;&#8212;&#8212;&#8212;&#8212;&#8212;&#8212;&#8212;&#8212;&#8212;&#8212;&#8212;&#8212;&#8212;&#8212;&#8212;&#8212;&#8212;&#8212;&#8212;&#8212;&#8212;&#8212;&#8212;&#8212;-<\/strong><\/span><\/p>\n<p style=\"text-align: center;\"><strong><em>CAMPIONATI INTERNAZIONALI DI GIOCHI MATEMATICI<br \/>\n<\/em><\/strong><strong><em>2018<br \/>\n<\/em><\/strong><\/p>\n<p style=\"text-align: left;\">\u00a0 \u00a0 Logica, intuizione e fantasia sono gli unici requisiti necessari per partecipare ai Campionati di Giochi Matematici, giunti alla trentaduesima edizione nel mondo e per la venticinquesima volta organizzati in Italia dal <strong><em>Centro PRISTEM <\/em><\/strong>dell&#8217;Universit\u00e0 Bocconi.<br \/>\nI\u00a0 Campionati si svolgono in due tornate : le semifinali di zona e la finale nazionale. Le prime si svolgeranno il <strong><em>17 marzo 2018<\/em><\/strong>nelle sedi di<strong>: Adria <\/strong>(Ro), <strong>Alessandria<\/strong>, <strong>Alessano <\/strong>(Le), <strong>Ancona<\/strong>, <strong>Arezzo<\/strong>, <strong>Arma di Taggia <\/strong>(Im), <strong>Avellino<\/strong>, <strong>Barcellona P.G. <\/strong>(Me), <strong>Baronissi <\/strong>(Sa), <strong>Belluno<\/strong>, <strong>Benevento<\/strong>, <strong>Bergamo<\/strong>, <strong>Bisceglie <\/strong>(Bt), <strong>Bologna<\/strong>, <strong>Borgosesia <\/strong>(Vc), <strong>Brescia<\/strong>, <strong>Brindisi<\/strong>, <strong>Cagliari<\/strong>, <strong>Camerino <\/strong>(Mc), <strong>Campobasso<\/strong>,<strong>Capua <\/strong>(Ce), <strong>Carcare<\/strong> (Sv),<strong>Carpi <\/strong>(Mo), <strong>Castel Bolognese<\/strong> (Ra), <strong>Catania<\/strong>, <strong>Catanzaro<\/strong>, <strong>Cecina <\/strong>(Li),<strong>Civitavecchia <\/strong>(Rm), <strong>Como<\/strong>, <strong>Conselve <\/strong>(Pd), <strong>Cosenza<\/strong>, <strong>Cremona<\/strong>, <strong>Empoli <\/strong>(Fi), <strong>Erba <\/strong>(Co),<strong>Ferrara<\/strong>, <strong>Firenze<\/strong>, <strong>Fossano <\/strong>(Cn), <strong>Gallarate <\/strong>(Va), <strong>Gela <\/strong>(Cl), <strong>Genova<\/strong>, <strong>Gorizia<\/strong>, <strong>Grosseto<\/strong>, <strong>Idro <\/strong>(Bs), <strong>Istrana <\/strong>(Tv), <strong>Ivrea <\/strong>(To), <strong>L\u2019Aquila,La Spezia<\/strong>, <strong>Lamezia Terme<\/strong> (Cz), <strong>Lanciano <\/strong>(Ch), <strong>Lecco<\/strong>, <strong>Livigno <\/strong>(So), <strong>Mantova<\/strong>, <strong>Messina<\/strong>, <strong>Milano<\/strong>, <strong>Modena<\/strong>, <strong>Mogliano Veneto <\/strong>(Tv), <strong>Montepulciano <\/strong>(Si), <strong>Montesilvano <\/strong>(Pe), <strong>Mottola <\/strong>(Ta), <strong>Napoli<\/strong>, <strong>Negrar (<\/strong>Vr), <strong>Nettuno <\/strong>(Rm), <strong>Novara<\/strong>, <strong>Padova<\/strong>, <strong>Palermo<\/strong>, <strong>Parma<\/strong>, <strong>Pavia<\/strong>, <strong>Perugia<\/strong>, <strong>Pesaro<\/strong>, <strong>Pescara<\/strong>, <strong>Piacenza<\/strong>, <strong>Pisa<\/strong>, <strong>Pistoia<\/strong>, <strong>Policoro<\/strong> (Mt), <strong>Pontedera <\/strong>(Pi), <strong>Porto Santo Stefano <\/strong>(Gr), <strong>Potenza<\/strong>, <strong>Ravenna<\/strong>, <strong>Reggio Calabria<\/strong>, <strong>Reggio Emilia<\/strong>, <strong>Rieti<\/strong>, <strong>Rimini<\/strong>, <strong>Roccapiemonte <\/strong>(Sa), <strong>Roma<\/strong>, <strong>Rovereto<\/strong> (Tn),<strong>S. Benedetto del Tronto <\/strong>(Ap), <strong>San Don\u00e0 di Piave <\/strong>(Ve), <strong>Sassari<\/strong>, <strong>Sassocorvaro <\/strong>(Pu), <strong>Scafati <\/strong>(Sa),\u00a0 <strong>Siracusa, Sora <\/strong>(Fr), <strong>Spoleto <\/strong>(Pg), <strong>Teramo<\/strong>, <strong>Terni<\/strong>, <strong>Terracina <\/strong>(Lt), <strong>Torino<\/strong>, <strong>Torre Annunziata <\/strong>(Na), <strong>Trapani<\/strong>, <strong>Trieste<\/strong>, <strong>Udine<\/strong>, <strong>Varese<\/strong>, <strong>Velletri <\/strong>(Rm),<strong>Viareggio <\/strong>(Lu), <strong>Vibo Valentia<\/strong>, <strong>Vicenza<\/strong>, <strong>Viterbo<\/strong> e le Scuole italiane all\u2019estero di <strong>Istanbul <\/strong>\u00a0e <strong>Madrid<\/strong>.<\/p>\n<p style=\"text-align: left;\"><strong>\u00a0<\/strong>I migliori classificati di ogni categoria delle semifinali parteciperanno alla finale nazionale che si terr\u00e0 a Milano, presso l&#8217;Universit\u00e0 Bocconi, il<strong><em>12 maggio 2018.<\/em><\/strong><\/p>\n<p style=\"text-align: left;\">Ai Campionati possono partecipare tutti, giovani e meno giovani, a partire dalla prima media e indipendentemente dal titolo di studio. Le categorie previste sono: <strong><em>C1 <\/em><\/strong>(per gli studenti di prima e seconda media); <strong><em>C2<\/em><\/strong> (per gli studenti di terza media e prima superiore); <strong><em>L1 <\/em><\/strong>(per gli studenti di seconda, terza e quarta superiore); <strong><em>L2<\/em><\/strong> (per gli studenti di quinta superiore e biennio universitario); <strong><em>GP <\/em><\/strong>(\u201cgrande pubblico\u201d: ultimi anni dell\u2019Universit\u00e0 e concorrenti \u201cadulti\u201d).<\/p>\n<p>Per <strong>iscriversi<\/strong> occorrono due condizioni necessarie :<br \/>\n1)\u00a0 versare <strong><em>8 Euro <\/em><\/strong>(per ogni concorrente)con le modalit\u00e0 indicate sul sito <a href=\"https:\/\/giochimatematici.unibocconi.it\"><strong>https:\/\/giochimatematici.unibocconi.it\u00a0<\/strong><\/a><br \/>\n2)\u00a0 registrarsi on-line sul sito <a href=\"https:\/\/giochimatematici.unibocconi.it\">https:\/\/giochimatematici.unibocconi.it<\/a> compilando la scheda di iscrizione (individuale o cumulativa) inserita nel regolamento.<\/p>\n<p>La <strong>finale nazionale<\/strong>, che si svolger\u00e0 a Milano presso l\u2019Universit\u00e0 Bocconi il 12 maggio 2018, selezioner\u00e0 la squadra che rappresenter\u00e0 l\u2019Italia alla <strong>finale internazionale di Parigi<\/strong> di fine agosto 2018. La squadra sar\u00e0 costituita dai primi cinque classificati delle categorie C1 e C2 e dai primi tre classificati delle categorie L1, L2 ,GP. Numerosi premi saranno inoltre assegnati ai migliori finalisti.<\/p>\n<p style=\"text-align: center;\"><strong><u>Le iscrizioni si chiuderanno il<em>10 febbraio 2018<\/em><\/u><\/strong><\/p>\n<p style=\"text-align: center;\">\u00a0 \u00a0 \u00a0 \u00a0 \u00a0 Per ogni ulteriore informazione contattare<br \/>\n<em>\u00a0 \u00a0 \u00a0 \u00a0 \u00a0 02-58365618 \u2013 02-58365927 \u2013 02-58362670\u00a0 &#8211;\u00a0 <\/em>e-mail\u00a0 <a style=\"background-color: #ffffff;\" href=\"mailto:pristem@uni-bocconi.it\">pristem@unibocconi.it<br \/>\n<\/a>\u00a0 \u00a0 \u00a0 \u00a0 \u00a0 Ad <strong>Alessano<\/strong> la semifinale del <strong>17 marzo<\/strong>si svolger\u00e0 alle <strong>14.30<\/strong> presso:<br \/>\n<strong><em>\u00a0 \u00a0 \u00a0 \u00a0 \u00a0 Istituto Comprensivo di Alessano &#8211; Via Rimembranze 2<br \/>\n<\/em><\/strong>\u00a0 \u00a0 \u00a0 I partecipanti possono presentarsi a partire dalle 14.00,<br \/>\n<strong><u>salvo diversa comunicazione degli organizzatori locali.<\/u><\/strong><\/p>\n<p style=\"text-align: center;\">\n","protected":false},"excerpt":{"rendered":"<p>\u00a0 \u00a0ISTITUTO COMPRENSIVO STATALE Via\u00a0 Rimembranze n.2 \u2013 73031 ALESSANO\u00a0 (LE) Distretto n. 47\u00a0 &#8211; Tel. Fax 0833781118 \u2013 Cod. Fis.\u00a0 90018660754 &#8211; Cod. Min.:\u00a0 LEIC80400T Web Site: www.comprensivoalessano.it &#8211; E-mail: leic80400t@istruzione.it &#8211; Pec: leic80400t@pec.istruzione.it &#8212;&#8212;&#8212;&#8212;&#8212;&#8212;&#8212;&#8212;&#8212;&#8212;&#8212;&#8212;&#8212;&#8212;&#8212;&#8212;&#8212;&#8212;&#8212;&#8212;&#8212;&#8212;&#8212;&#8212;&#8212;&#8212;&#8212;&#8212;&#8212;&#8212;&#8212;&#8212;&#8212;&#8212;&#8212;&#8212;&#8212;&#8212;&#8212;&#8212;&#8212;&#8212;&#8212;&#8212;&#8212;&#8212;&#8212;&#8212;&#8212;&#8212; \u00a0 \u00a0 \u00a0 \u00a0 \u00a0 \u00a0 \u00a0 \u00a0 \u00a0 \u00a0 \u00a0 \u00a0Prot. n. 154\/B33 Gent.mi Dirigenti Scolastici p.c. ai [&hellip;]<\/p>\n","protected":false},"author":1,"featured_media":0,"comment_status":"open","ping_status":"open","sticky":false,"template":"","format":"standard","meta":{"_lightning_design_setting":[],"vkexunit_cta_each_option":"","footnotes":""},"categories":[26],"tags":[],"class_list":["post-585","post","type-post","status-publish","format-standard","hentry","category-giochi-matematici"],"_links":{"self":[{"href":"https:\/\/www.apa-alessano.com\/index.php?rest_route=\/wp\/v2\/posts\/585","targetHints":{"allow":["GET"]}}],"collection":[{"href":"https:\/\/www.apa-alessano.com\/index.php?rest_route=\/wp\/v2\/posts"}],"about":[{"href":"https:\/\/www.apa-alessano.com\/index.php?rest_route=\/wp\/v2\/types\/post"}],"author":[{"embeddable":true,"href":"https:\/\/www.apa-alessano.com\/index.php?rest_route=\/wp\/v2\/users\/1"}],"replies":[{"embeddable":true,"href":"https:\/\/www.apa-alessano.com\/index.php?rest_route=%2Fwp%2Fv2%2Fcomments&post=585"}],"version-history":[{"count":9,"href":"https:\/\/www.apa-alessano.com\/index.php?rest_route=\/wp\/v2\/posts\/585\/revisions"}],"predecessor-version":[{"id":634,"href":"https:\/\/www.apa-alessano.com\/index.php?rest_route=\/wp\/v2\/posts\/585\/revisions\/634"}],"wp:attachment":[{"href":"https:\/\/www.apa-alessano.com\/index.php?rest_route=%2Fwp%2Fv2%2Fmedia&parent=585"}],"wp:term":[{"taxonomy":"category","embeddable":true,"href":"https:\/\/www.apa-alessano.com\/index.php?rest_route=%2Fwp%2Fv2%2Fcategories&post=585"},{"taxonomy":"post_tag","embeddable":true,"href":"https:\/\/www.apa-alessano.com\/index.php?rest_route=%2Fwp%2Fv2%2Ftags&post=585"}],"curies":[{"name":"wp","href":"https:\/\/api.w.org\/{rel}","templated":true}]}}