{"id":534,"date":"2017-12-28T09:58:29","date_gmt":"2017-12-28T08:58:29","guid":{"rendered":"http:\/\/www.apa-alessano.com\/?p=534"},"modified":"2017-12-28T09:58:29","modified_gmt":"2017-12-28T08:58:29","slug":"poesia-colella-poeta-senza-frenu-di-francesco-greco","status":"publish","type":"post","link":"https:\/\/www.apa-alessano.com\/?p=534","title":{"rendered":"POESIA. Colella, poeta \u201csenza frenu\u201d di Francesco Greco"},"content":{"rendered":"<p>Il vecchio mondo arcaico, contadino, col suo patrimonio di valori, \u00e8 scolorito. Non era il migliore dei mondi possibili, ma neanche il peggiore. Il nuovo non ci piace punto, \u00e8 ispido e pregno di contraddizioni, con le sue alienazioni e imposture che ci si spalmano addosso, anche in modo inconscio.<br \/>\nCome fantasmi inquieti, siamo finiti in un mare di relativismo, una terra di mezzo, o di nessuno. Attraversiamo tormentati un\u2019epoca che ha fatto della volgarit\u00e0, la bruttezza, il cinismo, il darwinismo sociale le sue icone pi\u00f9 sordide e devastanti.<br \/>\nLa conoscenza superficiale, di massa, che diviene non coscienza, ibridata dal feticismo insulso della tv \u201ccattiva maestra\u201d \u00e8 una sorta di \u201cfede\u201d del nostro tempo.<br \/>\nDati questi postulati, \u00e8 bello, confortante sapere che c\u2019\u00e8 qualcuno capace di stupirsi e finanche di scandalizzarsi. Che ha conservato incorrotto lo sguardo e innocente il cuore.<br \/>\nNe consegue che non tutto \u00e8 perduto, che la deriva dell\u2019etos non \u00e8 un fatto ormai scontato: un altro \u201csguardo\u201d \u00e8 possibile, un nuovo mondo (conservando il meglio del vecchio) non \u00e8 utopia.<br \/>\nCon questo stato d\u2019animo di grande emozione e anche di commozione (come ha scritto Lino Patruno in un post su FB e fra le righe riecheggia Maria Rosaria De Lum\u00e8 nella prefazione) ci si avvicina alle pagine di \u201cSunetti senza frenu\u201d, di Giancarlo Colella, Edizioni Kurumuny, Calimera 2017, pp. 101, euro 10,00.<br \/>\nD\u2019istinto, il lettere sar\u00e0 attratto dall\u2019anticlericalismo, ma esso \u00e8 solo una delle password dell\u2019accesso al testo, della \u201cspirazzione\u201d del poeta Colella (\u201cradicato nella terra salentina come un ulivo secolare\u201d), che politicamente si \u00e8 formato alla scuola del socialismo delle origini, di fine Ottocento e dell\u2019altro secolo e professionalmente pratica il giornalismo civile e coraggioso che con l\u2019avvento del morbo berlusconiano trova sempre meno militanti. Attivit\u00e0 svolta in parallelo a quella di educatore nelle classi dove ragazzi \u201cdifficili\u201d e tranquilli convivono, tanto da aver attirato, anni fa, l\u2019attenzione della scuola tedesca, che si precipit\u00f2 in Salento a vedere come si fa (e imparare). Senza trascurare la passione per la musica tradizionale, identitaria (ha fondato i \u201cCoribanti\u201d con cui gira il mondo). Insomma, un personaggio multitasking, un po\u2019 come i nostri padri e nonni.<br \/>\nDa Marziale all\u2019Aretino Pietro sino al Belli e allo stesso Brecht, la poesia \u201cpolitica\u201d ha antiche e nobilissime radici. Ma anche Aristofane e lo stesso Cicerone \u2013 passando dai menestrelli medievali (da Cecco Angiolieri a Guittone da Todi) \u2013 irridevano il potere cogliendone la comicit\u00e0 spesso involontaria, e per questo ancor pi\u00f9 efficace. D\u2019altronde, questa \u00e8 anche la terra dell\u2019impertinenza di Papa Cagliazzu e dello stesso Capitano Blek.<br \/>\nColella si inserisce in questo solco usando il dialetto ancor prima di Camilleri, sapendo che \u00e8 pi\u00f9 ricco, come fonemi, pathos e senso dell\u2019italiano (e che spesso \u00e8 intraducibile). Esso \u00e8 la nostra prima lingua, la succhiamo col latte al seno della madre, traccia la nostra identit\u00e0, le radici, la memoria, il sedimentare del tempo.<br \/>\nSarebbe per\u00f2 riduttivo decodificare i \u201csunetti\u201d solo come una secchiata di vetriolo su monache in fiamme, preti gaudenti, vescovi maneggioni, cardinali che levano ai poveri per mettere nelle loro carte di credito. Una fauna varia bersagliata dallo stesso Papa Francesco e che Cristo, se tornasse, scaccerebbe dal tempio.<br \/>\nIl poeta (Acquarica del Capo, 1951) volge lo sguardo alle patologie e le criticit\u00e0 vecchie e nuove della modernit\u00e0, le contraddizioni che non riusciamo a gestire e che rischiano di travolgerci e affossarci: la xylella (\u201cverme discraziatu\u201d), le trivelle nel nostro mare in cerca di un pessimo petrolio (\u201cle gente sta se sente propriu nchiata\u201d), l\u2019illusione di Mani Pulite (\u201cNenti \u00e8 canciatu\u201d).<br \/>\nMa anche i tic, le manie, le paranoie, le mode, i miti e i riti sospesi fra ieri e oggi: l\u2019eterna giovinezza (\u201cLa Carmela me pare na vagnona\u201d) e la virilit\u00e0 (\u201cT\u2019hai fatti li massaggi e le nezioni\u201d), la fine dell\u2019artigianato sconfitto dai centri commerciali (un delicato omaggio al padre \u201csartore\u201d): \u201cMa poi ccumincia a ssire lu difettu:\/ lu cavallu, la manica o lu collu\u201d.<br \/>\nImpreziosito dal tratto del pittore Enzo Ferramosca, che ha curato la cover e le vignette accoppiate ai \u201csunetti\u201d, il libro \u00e8 stato presentato da APA (Associazione promozione Alessano) e l\u2019Associazione Emigranti, nella sala consiliare del Comune (che ha dato il patrocinio). Serata riuscitissima condotta brillantemente dal presidente APA Antonio Melcarne, con gli apprezzati interventi del sindaco della citt\u00e0, Francesca Torsello, del prof. Antonio Negro e di Corrado Torsello che ha letto \u201cLe clorie de Alessanu\u201d, di Pietro Papuli e una sua composizione, sempre in dialetto, sulla difficile vita, oggi, di padri e nonni alle prese con le esigenze consumistiche di figli e nipoti, tema, guarda caso, trattato anche dal poeta nel sonetto \u201cTutti vizziati\u201d.<\/p>\n<p><img loading=\"lazy\" decoding=\"async\" class=\"size-full wp-image-536 aligncenter\" src=\"https:\/\/www.apa-alessano.com\/wp-content\/uploads\/2017\/12\/Articolo.png\" alt=\"\" width=\"639\" height=\"409\" srcset=\"https:\/\/www.apa-alessano.com\/wp-content\/uploads\/2017\/12\/Articolo.png 639w, https:\/\/www.apa-alessano.com\/wp-content\/uploads\/2017\/12\/Articolo-300x192.png 300w\" sizes=\"auto, (max-width: 639px) 100vw, 639px\" \/><\/p>\n","protected":false},"excerpt":{"rendered":"<p>Il vecchio mondo arcaico, contadino, col suo patrimonio di valori, \u00e8 scolorito. Non era il migliore dei mondi possibili, ma neanche il peggiore. Il nuovo non ci piace punto, \u00e8 ispido e pregno di contraddizioni, con le sue alienazioni e imposture che ci si spalmano addosso, anche in modo inconscio. Come fantasmi inquieti, siamo finiti [&hellip;]<\/p>\n","protected":false},"author":1,"featured_media":0,"comment_status":"open","ping_status":"open","sticky":false,"template":"","format":"standard","meta":{"_lightning_design_setting":[],"vkexunit_cta_each_option":"","footnotes":""},"categories":[25,23],"tags":[],"class_list":["post-534","post","type-post","status-publish","format-standard","hentry","category-associazione-emigranti","category-eventi"],"_links":{"self":[{"href":"https:\/\/www.apa-alessano.com\/index.php?rest_route=\/wp\/v2\/posts\/534","targetHints":{"allow":["GET"]}}],"collection":[{"href":"https:\/\/www.apa-alessano.com\/index.php?rest_route=\/wp\/v2\/posts"}],"about":[{"href":"https:\/\/www.apa-alessano.com\/index.php?rest_route=\/wp\/v2\/types\/post"}],"author":[{"embeddable":true,"href":"https:\/\/www.apa-alessano.com\/index.php?rest_route=\/wp\/v2\/users\/1"}],"replies":[{"embeddable":true,"href":"https:\/\/www.apa-alessano.com\/index.php?rest_route=%2Fwp%2Fv2%2Fcomments&post=534"}],"version-history":[{"count":2,"href":"https:\/\/www.apa-alessano.com\/index.php?rest_route=\/wp\/v2\/posts\/534\/revisions"}],"predecessor-version":[{"id":537,"href":"https:\/\/www.apa-alessano.com\/index.php?rest_route=\/wp\/v2\/posts\/534\/revisions\/537"}],"wp:attachment":[{"href":"https:\/\/www.apa-alessano.com\/index.php?rest_route=%2Fwp%2Fv2%2Fmedia&parent=534"}],"wp:term":[{"taxonomy":"category","embeddable":true,"href":"https:\/\/www.apa-alessano.com\/index.php?rest_route=%2Fwp%2Fv2%2Fcategories&post=534"},{"taxonomy":"post_tag","embeddable":true,"href":"https:\/\/www.apa-alessano.com\/index.php?rest_route=%2Fwp%2Fv2%2Ftags&post=534"}],"curies":[{"name":"wp","href":"https:\/\/api.w.org\/{rel}","templated":true}]}}