{"id":2119,"date":"2022-03-18T20:17:33","date_gmt":"2022-03-18T19:17:33","guid":{"rendered":"http:\/\/www.apa-alessano.com\/?p=2119"},"modified":"2022-03-18T20:17:33","modified_gmt":"2022-03-18T19:17:33","slug":"campagna-lilt-uova-piu-prevenzione","status":"publish","type":"post","link":"https:\/\/www.apa-alessano.com\/?p=2119","title":{"rendered":"CAMPAGNA LILT: &#8220;+Uova = Pi\u00f9 prevenzione&#8221;"},"content":{"rendered":"<h2 style=\"text-align: center;\"><strong><span style=\"color: #ff0000;\">TORNANO LE\u00a0UOVA LILT\u00a0PER LA LOTTA AI TUMORI<\/span><\/strong><\/h2>\n<p><a href=\"https:\/\/www.apa-alessano.com\/wp-content\/uploads\/2022\/03\/UOVAPasqua2020.jpg\"><img loading=\"lazy\" decoding=\"async\" class=\"size-medium wp-image-2121 aligncenter\" src=\"https:\/\/www.apa-alessano.com\/wp-content\/uploads\/2022\/03\/UOVAPasqua2020-300x300.jpg\" alt=\"\" width=\"300\" height=\"300\" srcset=\"https:\/\/www.apa-alessano.com\/wp-content\/uploads\/2022\/03\/UOVAPasqua2020-300x300.jpg 300w, https:\/\/www.apa-alessano.com\/wp-content\/uploads\/2022\/03\/UOVAPasqua2020-150x150.jpg 150w, https:\/\/www.apa-alessano.com\/wp-content\/uploads\/2022\/03\/UOVAPasqua2020-768x768.jpg 768w, https:\/\/www.apa-alessano.com\/wp-content\/uploads\/2022\/03\/UOVAPasqua2020-1024x1024.jpg 1024w, https:\/\/www.apa-alessano.com\/wp-content\/uploads\/2022\/03\/UOVAPasqua2020.jpg 1181w\" sizes=\"auto, (max-width: 300px) 100vw, 300px\" \/><\/a><strong>Un gesto solidale per sostenere i Servizi gratuiti di Prevenzione ed Assistenza<\/strong>\u00a0<strong>ai malati di cancro erogati sul territorio e contribuire al completamento<\/strong>\u00a0<strong>del \u201cCentro Ilma \u2013 Studi e Ricerche Ambiente e Salute\u201d<\/strong><\/p>\n<p style=\"text-align: center;\"><strong>Prenota il tuo UOVO LILT presso<br \/>\n<\/strong><strong>l&#8217;Associazione EMIGRANTI\u00a0 aps\u00a0 e\/o\u00a0 A.P.A. di Alessano<br \/>\n<\/strong>\u00a0 La raccolta fondi \u00e8 fondamentale al fine di sostenere tutte le attivit\u00e0 e raggiungere il fondamentale traguardo del completamento del Centro Ilma a Gallipoli.<br \/>\nLa sfida del Salento al cancro rappresentata dal Centro Ilma determiner\u00e0 una decisiva svolta strategica che vedr\u00e0 insieme la Sanit\u00e0 pubblica, impegnata sul fronte della diagnosi e cura dei tumori, e la Lilt che operer\u00e0 sul fronte della ricerca e studio delle cause, quello della Prevenzione clinica e della diagnosi precoce, nonch\u00e9 quello della Riabilitazione fisica e psicologica.<br \/>\nNon secondario \u00e8 l\u2019 impegno sul fronte della Divulgazione Scientifica, rigorosa, libera e indipendente, finalizzata a realizzare la pi\u00f9 efficace rivoluzione culturale, ormai strumento irrinunciabile per una efficace lotta al cancro\u201d.<\/p>\n<div style=\"width: 640px;\" class=\"wp-video\"><video class=\"wp-video-shortcode\" id=\"video-2119-1\" width=\"640\" height=\"352\" preload=\"metadata\" controls=\"controls\"><source type=\"video\/mp4\" src=\"https:\/\/www.apa-alessano.com\/wp-content\/uploads\/2022\/03\/Amo.mp4?_=1\" \/><a href=\"https:\/\/www.apa-alessano.com\/wp-content\/uploads\/2022\/03\/Amo.mp4\">https:\/\/www.apa-alessano.com\/wp-content\/uploads\/2022\/03\/Amo.mp4<\/a><\/video><\/div>\n","protected":false},"excerpt":{"rendered":"<p>TORNANO LE\u00a0UOVA LILT\u00a0PER LA LOTTA AI TUMORI Un gesto solidale per sostenere i Servizi gratuiti di Prevenzione ed Assistenza\u00a0ai malati di cancro erogati sul territorio e contribuire al completamento\u00a0del \u201cCentro Ilma \u2013 Studi e Ricerche Ambiente e Salute\u201d Prenota il tuo UOVO LILT presso l&#8217;Associazione EMIGRANTI\u00a0 aps\u00a0 e\/o\u00a0 A.P.A. di Alessano \u00a0 La raccolta fondi [&hellip;]<\/p>\n","protected":false},"author":1,"featured_media":2122,"comment_status":"open","ping_status":"open","sticky":false,"template":"","format":"standard","meta":{"_lightning_design_setting":[],"vkexunit_cta_each_option":"","footnotes":""},"categories":[25,29],"tags":[],"class_list":["post-2119","post","type-post","status-publish","format-standard","has-post-thumbnail","hentry","category-associazione-emigranti","category-lilt"],"_links":{"self":[{"href":"https:\/\/www.apa-alessano.com\/index.php?rest_route=\/wp\/v2\/posts\/2119","targetHints":{"allow":["GET"]}}],"collection":[{"href":"https:\/\/www.apa-alessano.com\/index.php?rest_route=\/wp\/v2\/posts"}],"about":[{"href":"https:\/\/www.apa-alessano.com\/index.php?rest_route=\/wp\/v2\/types\/post"}],"author":[{"embeddable":true,"href":"https:\/\/www.apa-alessano.com\/index.php?rest_route=\/wp\/v2\/users\/1"}],"replies":[{"embeddable":true,"href":"https:\/\/www.apa-alessano.com\/index.php?rest_route=%2Fwp%2Fv2%2Fcomments&post=2119"}],"version-history":[{"count":2,"href":"https:\/\/www.apa-alessano.com\/index.php?rest_route=\/wp\/v2\/posts\/2119\/revisions"}],"predecessor-version":[{"id":2124,"href":"https:\/\/www.apa-alessano.com\/index.php?rest_route=\/wp\/v2\/posts\/2119\/revisions\/2124"}],"wp:featuredmedia":[{"embeddable":true,"href":"https:\/\/www.apa-alessano.com\/index.php?rest_route=\/wp\/v2\/media\/2122"}],"wp:attachment":[{"href":"https:\/\/www.apa-alessano.com\/index.php?rest_route=%2Fwp%2Fv2%2Fmedia&parent=2119"}],"wp:term":[{"taxonomy":"category","embeddable":true,"href":"https:\/\/www.apa-alessano.com\/index.php?rest_route=%2Fwp%2Fv2%2Fcategories&post=2119"},{"taxonomy":"post_tag","embeddable":true,"href":"https:\/\/www.apa-alessano.com\/index.php?rest_route=%2Fwp%2Fv2%2Ftags&post=2119"}],"curies":[{"name":"wp","href":"https:\/\/api.w.org\/{rel}","templated":true}]}}