{"id":2034,"date":"2021-12-09T16:17:51","date_gmt":"2021-12-09T15:17:51","guid":{"rendered":"http:\/\/www.apa-alessano.com\/?p=2034"},"modified":"2021-12-09T16:17:51","modified_gmt":"2021-12-09T15:17:51","slug":"una-stella-per-la-speranza-8-dicembre-2021","status":"publish","type":"post","link":"https:\/\/www.apa-alessano.com\/?p=2034","title":{"rendered":"&#8220;UNA STELLA PER LA SPERANZA&#8221;: 8 DICEMBRE 2021"},"content":{"rendered":"<p><a href=\"https:\/\/www.apa-alessano.com\/wp-content\/uploads\/2021\/12\/2.jpg\"><img loading=\"lazy\" decoding=\"async\" class=\"size-medium wp-image-2035 aligncenter\" src=\"https:\/\/www.apa-alessano.com\/wp-content\/uploads\/2021\/12\/2-300x225.jpg\" alt=\"\" width=\"300\" height=\"225\" srcset=\"https:\/\/www.apa-alessano.com\/wp-content\/uploads\/2021\/12\/2-300x225.jpg 300w, https:\/\/www.apa-alessano.com\/wp-content\/uploads\/2021\/12\/2-768x576.jpg 768w, https:\/\/www.apa-alessano.com\/wp-content\/uploads\/2021\/12\/2-1024x768.jpg 1024w\" sizes=\"auto, (max-width: 300px) 100vw, 300px\" \/><\/a><\/p>\n<div dir=\"auto\" style=\"text-align: center;\"><em><span style=\"font-size: 18pt;\">Un sentito ringraziamento a tutti coloro <\/span><\/em><\/div>\n<div dir=\"auto\" style=\"text-align: center;\"><em><span style=\"font-size: 18pt;\">che hanno voluto contribuire concretamente <\/span><\/em><\/div>\n<div dir=\"auto\" style=\"text-align: center;\"><em><span style=\"font-size: 18pt;\">alle iniziative per la &#8220;Lotta contro i tumori&#8221;.<\/span><\/em><\/div>\n<div dir=\"auto\" style=\"text-align: center;\"><em><span style=\"font-size: 18pt;\">La partecipazione ai progetti <\/span><\/em><\/div>\n<div dir=\"auto\" style=\"text-align: center;\"><em><span style=\"font-size: 18pt;\">per favorire la ricerca scientifica per la lotta contro i tumori <\/span><\/em><\/div>\n<div dir=\"auto\" style=\"text-align: center;\"><em><span style=\"font-size: 18pt;\">\u00e8 palese dimostrazione di sensibilit\u00e0, altruismo e solidariet\u00e0!<\/span><\/em><\/div>\n<div dir=\"auto\" style=\"text-align: right;\"><strong><span style=\"font-size: 18pt;\">Le Associazioni LILT, Emigranti e A.P.A. di Alessano.<\/span><\/strong><\/div>\n<div dir=\"auto\" style=\"text-align: center;\"><a href=\"https:\/\/www.apa-alessano.com\/wp-content\/uploads\/2021\/12\/DSC_0090.jpg\"><img loading=\"lazy\" decoding=\"async\" class=\"size-medium wp-image-2036 aligncenter\" src=\"https:\/\/www.apa-alessano.com\/wp-content\/uploads\/2021\/12\/DSC_0090-300x200.jpg\" alt=\"\" width=\"300\" height=\"200\" srcset=\"https:\/\/www.apa-alessano.com\/wp-content\/uploads\/2021\/12\/DSC_0090-300x200.jpg 300w, https:\/\/www.apa-alessano.com\/wp-content\/uploads\/2021\/12\/DSC_0090-768x512.jpg 768w, https:\/\/www.apa-alessano.com\/wp-content\/uploads\/2021\/12\/DSC_0090-1024x683.jpg 1024w\" sizes=\"auto, (max-width: 300px) 100vw, 300px\" \/><\/a><a href=\"https:\/\/www.apa-alessano.com\/wp-content\/uploads\/2019\/12\/IMG_8645.jpg\"><img loading=\"lazy\" decoding=\"async\" class=\"size-medium wp-image-1751 aligncenter\" src=\"https:\/\/www.apa-alessano.com\/wp-content\/uploads\/2019\/12\/IMG_8645-300x200.jpg\" alt=\"\" width=\"300\" height=\"200\" srcset=\"https:\/\/www.apa-alessano.com\/wp-content\/uploads\/2019\/12\/IMG_8645-300x200.jpg 300w, https:\/\/www.apa-alessano.com\/wp-content\/uploads\/2019\/12\/IMG_8645-768x512.jpg 768w, https:\/\/www.apa-alessano.com\/wp-content\/uploads\/2019\/12\/IMG_8645-1024x683.jpg 1024w\" sizes=\"auto, (max-width: 300px) 100vw, 300px\" \/><\/a><\/div>\n","protected":false},"excerpt":{"rendered":"<p>Un sentito ringraziamento a tutti coloro che hanno voluto contribuire concretamente alle iniziative per la &#8220;Lotta contro i tumori&#8221;. La partecipazione ai progetti per favorire la ricerca scientifica per la lotta contro i tumori \u00e8 palese dimostrazione di sensibilit\u00e0, altruismo e solidariet\u00e0! Le Associazioni LILT, Emigranti e A.P.A. di Alessano.<\/p>\n","protected":false},"author":1,"featured_media":2037,"comment_status":"open","ping_status":"open","sticky":false,"template":"","format":"standard","meta":{"_lightning_design_setting":[],"vkexunit_cta_each_option":"","footnotes":""},"categories":[25,29],"tags":[],"class_list":["post-2034","post","type-post","status-publish","format-standard","has-post-thumbnail","hentry","category-associazione-emigranti","category-lilt"],"_links":{"self":[{"href":"https:\/\/www.apa-alessano.com\/index.php?rest_route=\/wp\/v2\/posts\/2034","targetHints":{"allow":["GET"]}}],"collection":[{"href":"https:\/\/www.apa-alessano.com\/index.php?rest_route=\/wp\/v2\/posts"}],"about":[{"href":"https:\/\/www.apa-alessano.com\/index.php?rest_route=\/wp\/v2\/types\/post"}],"author":[{"embeddable":true,"href":"https:\/\/www.apa-alessano.com\/index.php?rest_route=\/wp\/v2\/users\/1"}],"replies":[{"embeddable":true,"href":"https:\/\/www.apa-alessano.com\/index.php?rest_route=%2Fwp%2Fv2%2Fcomments&post=2034"}],"version-history":[{"count":2,"href":"https:\/\/www.apa-alessano.com\/index.php?rest_route=\/wp\/v2\/posts\/2034\/revisions"}],"predecessor-version":[{"id":2039,"href":"https:\/\/www.apa-alessano.com\/index.php?rest_route=\/wp\/v2\/posts\/2034\/revisions\/2039"}],"wp:featuredmedia":[{"embeddable":true,"href":"https:\/\/www.apa-alessano.com\/index.php?rest_route=\/wp\/v2\/media\/2037"}],"wp:attachment":[{"href":"https:\/\/www.apa-alessano.com\/index.php?rest_route=%2Fwp%2Fv2%2Fmedia&parent=2034"}],"wp:term":[{"taxonomy":"category","embeddable":true,"href":"https:\/\/www.apa-alessano.com\/index.php?rest_route=%2Fwp%2Fv2%2Fcategories&post=2034"},{"taxonomy":"post_tag","embeddable":true,"href":"https:\/\/www.apa-alessano.com\/index.php?rest_route=%2Fwp%2Fv2%2Ftags&post=2034"}],"curies":[{"name":"wp","href":"https:\/\/api.w.org\/{rel}","templated":true}]}}