{"id":2005,"date":"2021-11-12T16:51:30","date_gmt":"2021-11-12T15:51:30","guid":{"rendered":"http:\/\/www.apa-alessano.com\/?p=2005"},"modified":"2021-11-12T16:51:30","modified_gmt":"2021-11-12T15:51:30","slug":"una-stella-per-la-speranza-2","status":"publish","type":"post","link":"https:\/\/www.apa-alessano.com\/?p=2005","title":{"rendered":"UNA STELLA PER LA SPERANZA"},"content":{"rendered":"<p style=\"text-align: center;\"><a href=\"https:\/\/www.apa-alessano.com\/wp-content\/uploads\/2021\/11\/una-stella-per-la-speranza.jpg\"><img loading=\"lazy\" decoding=\"async\" class=\"size-medium wp-image-2006 aligncenter\" src=\"https:\/\/www.apa-alessano.com\/wp-content\/uploads\/2021\/11\/una-stella-per-la-speranza-300x158.jpg\" alt=\"\" width=\"300\" height=\"158\" srcset=\"https:\/\/www.apa-alessano.com\/wp-content\/uploads\/2021\/11\/una-stella-per-la-speranza-300x158.jpg 300w, https:\/\/www.apa-alessano.com\/wp-content\/uploads\/2021\/11\/una-stella-per-la-speranza-768x403.jpg 768w, https:\/\/www.apa-alessano.com\/wp-content\/uploads\/2021\/11\/una-stella-per-la-speranza.jpg 800w\" sizes=\"auto, (max-width: 300px) 100vw, 300px\" \/><\/a><span style=\"font-size: 14pt; color: #008080; font-family: 'arial black', sans-serif;\"><strong>&#8220;UNA STELLA PER LA SPERANZA&#8221;<\/strong><\/span><br \/>\n<span style=\"font-size: 12pt; color: #000000;\"><strong>XXIX CAMPAGNA DI SOLIDARIETA&#8217;<\/strong><\/span><br \/>\n<span style=\"font-size: 12pt; color: #000000;\"><strong>PER LA PREVENZIONE\u00a0 E LA LOTTA CONTRO I TUMORI.<\/strong><\/span><\/p>\n<p>L\u20198 dicembre 2021, i volontari della LILT insieme alle Associazioni A.P.A. ed EMIGRANTI, con il patrocinio del Comune di Alessano, saranno in piazza, in occasione del tradizionale appuntamento della \u201cGiornata della Speranza\u201d, con la vendita delle <strong><u>\u201cstelle di Natale\u201d.<\/u><\/strong><\/p>\n<p>E\u2019 la ventinovesima edizione di questa manifestazione, organizzata per raccogliere fondi a sostegno delle attivit\u00e0 e dei progetti della LILT. Ogni giorno, infatti, grazie all\u2019opera generosa di trecento volontari (medici, infermieri, psicologi, educatori e semplici cittadini), la LILT assicura gratuitamente alla popolazione salentina una serie di importanti servizi:<\/p>\n<p><strong><em><u>Educazione sanitaria sulla prevenzione e sulla lotta ai fattori di rischio ambientale<\/u><\/em><\/strong><u>,<\/u>\u00a0con incontri, conferenze, dibattiti, e diffusione di materiale divulgativo, soprattutto nelle scuole.<\/p>\n<p><strong><em><u>Attivit\u00e0 di Ricerca in Oncologia Ambientale<\/u><\/em><\/strong><em>\u00a0<\/em>(Progetto GENEO).<\/p>\n<p><strong><em><u>Prevenzione clinica<\/u><\/em><\/strong><strong>\u00a0<\/strong>con visite specialistiche nei nostri 29 ambulatori (Casarano, Lecce, Gallipoli, Maglie, Nard\u00f2, Veglie, Aradeo, Galatina, Collemeto, Copertino, Strud\u00e0, Martano, Alezio, Carmiano, Morciano di Leuca, Carmiano, Cavallino, Calimera, Leverano, Scorrano, Corigliano d\u2019Otranto, Montesano Salentino, San Donato, Specchia, Melendugno, Uggiano la Chiesa, Ugento, Melissano e Arnesano) (oltre 12.000 prestazioni l\u2019anno).<\/p>\n<p><strong><em><u>Sostegno psicologico<\/u><\/em><\/strong>\u00a0a pazienti e familiari.<\/p>\n<p><strong><em><u>Assistenza domiciliare<\/u><\/em><\/strong><strong><u>\u00a0<em>oncologica<\/em><\/u><\/strong><em>\u00a0<\/em>ai pazienti terminali, con tre \u00e9quipes medico-infermieristiche (600 sono le persone seguite annualmente);<\/p>\n<p><strong><em><u>Trasporto gratuito<\/u><\/em><\/strong><em>\u00a0<\/em>a Lecce dei pazienti che necessitano di radioterapia con automezzi messi a disposizione dalla LILT (100 pazienti l\u2019anno).<\/p>\n<p>La manifestazione ha anche quale obiettivo il sostegno al\u00a0<strong><em><u>progetto del Centro \u201cIlma\u201d<\/u><\/em><\/strong>\u00a0a Gallipoli, struttura polivalente per la lotta al cancro, in cui coesisteranno un Centro di Ricerca per la Prevenzione Primaria, un\u2019Area per la Prevenzione Clinica, un\u2019Area per la Riabilitazione, un Centro Studi e Biblioteca e una Sala Convegni per attivit\u00e0 multimediali I lavori per la realizzazione dell\u2019opera sono in corso e si conta di completare la struttura il prossimo anno.<\/p>\n<p><strong>In occasione della \u2018<em>Giornata della Speranza<\/em>\u2019, verr\u00e0 inoltre diffuso un\u00a0 numero speciale del trimestrale\u00a0<em>Lega contro i Tumori<\/em>, dedicato al tema della necessit\u00e0 di una ricerca libera e indipendente, premessa indispensabile per condurre una lotta ai tumori incentrata sull\u2019individuazione dei fattori di rischio presenti sul territorio. La rivista pubblica anche una bella intervista \u201ca tutto campo\u201d al prof. Silvio Garattini.<\/strong><\/p>\n<p>Pur consapevole del momento critico che la societ\u00e0 sta vivendo, la LILT di Lecce chiede a tutti di fare uno sforzo per aderire alla campagna. Ci\u00f2 servir\u00e0 a garantire i servizi dei quali quotidianamente usufruiscono tanti cittadini, pazienti e familiari di pazienti; servizi offerti gratuitamente senza alcun finanziamento da parte di pubbliche istituzioni.<\/p>\n<p>Ma, non ultimo, chiediamo un\u2019adesione anche per sostenere la presenza della LILT di Lecce in tante importanti battaglie in difesa del nostro territorio.<\/p>\n<p><a href=\"https:\/\/www.apa-alessano.com\/wp-content\/uploads\/2021\/11\/MANIFESTO.jpg\"><img loading=\"lazy\" decoding=\"async\" class=\"size-medium wp-image-2011 aligncenter\" src=\"https:\/\/www.apa-alessano.com\/wp-content\/uploads\/2021\/11\/MANIFESTO-300x212.jpg\" alt=\"\" width=\"300\" height=\"212\" srcset=\"https:\/\/www.apa-alessano.com\/wp-content\/uploads\/2021\/11\/MANIFESTO-300x212.jpg 300w, https:\/\/www.apa-alessano.com\/wp-content\/uploads\/2021\/11\/MANIFESTO-768x543.jpg 768w, https:\/\/www.apa-alessano.com\/wp-content\/uploads\/2021\/11\/MANIFESTO.jpg 842w\" sizes=\"auto, (max-width: 300px) 100vw, 300px\" \/><\/a><\/p>\n","protected":false},"excerpt":{"rendered":"<p>&#8220;UNA STELLA PER LA SPERANZA&#8221; XXIX CAMPAGNA DI SOLIDARIETA&#8217; PER LA PREVENZIONE\u00a0 E LA LOTTA CONTRO I TUMORI. L\u20198 dicembre 2021, i volontari della LILT insieme alle Associazioni A.P.A. ed EMIGRANTI, con il patrocinio del Comune di Alessano, saranno in piazza, in occasione del tradizionale appuntamento della \u201cGiornata della Speranza\u201d, con la vendita delle \u201cstelle [&hellip;]<\/p>\n","protected":false},"author":1,"featured_media":2011,"comment_status":"open","ping_status":"open","sticky":false,"template":"","format":"standard","meta":{"_lightning_design_setting":[],"vkexunit_cta_each_option":"","footnotes":""},"categories":[1],"tags":[],"class_list":["post-2005","post","type-post","status-publish","format-standard","has-post-thumbnail","hentry","category-uncategorized"],"_links":{"self":[{"href":"https:\/\/www.apa-alessano.com\/index.php?rest_route=\/wp\/v2\/posts\/2005","targetHints":{"allow":["GET"]}}],"collection":[{"href":"https:\/\/www.apa-alessano.com\/index.php?rest_route=\/wp\/v2\/posts"}],"about":[{"href":"https:\/\/www.apa-alessano.com\/index.php?rest_route=\/wp\/v2\/types\/post"}],"author":[{"embeddable":true,"href":"https:\/\/www.apa-alessano.com\/index.php?rest_route=\/wp\/v2\/users\/1"}],"replies":[{"embeddable":true,"href":"https:\/\/www.apa-alessano.com\/index.php?rest_route=%2Fwp%2Fv2%2Fcomments&post=2005"}],"version-history":[{"count":2,"href":"https:\/\/www.apa-alessano.com\/index.php?rest_route=\/wp\/v2\/posts\/2005\/revisions"}],"predecessor-version":[{"id":2013,"href":"https:\/\/www.apa-alessano.com\/index.php?rest_route=\/wp\/v2\/posts\/2005\/revisions\/2013"}],"wp:featuredmedia":[{"embeddable":true,"href":"https:\/\/www.apa-alessano.com\/index.php?rest_route=\/wp\/v2\/media\/2011"}],"wp:attachment":[{"href":"https:\/\/www.apa-alessano.com\/index.php?rest_route=%2Fwp%2Fv2%2Fmedia&parent=2005"}],"wp:term":[{"taxonomy":"category","embeddable":true,"href":"https:\/\/www.apa-alessano.com\/index.php?rest_route=%2Fwp%2Fv2%2Fcategories&post=2005"},{"taxonomy":"post_tag","embeddable":true,"href":"https:\/\/www.apa-alessano.com\/index.php?rest_route=%2Fwp%2Fv2%2Ftags&post=2005"}],"curies":[{"name":"wp","href":"https:\/\/api.w.org\/{rel}","templated":true}]}}