{"id":1720,"date":"2019-11-06T12:44:55","date_gmt":"2019-11-06T11:44:55","guid":{"rendered":"http:\/\/www.apa-alessano.com\/?p=1720"},"modified":"2019-11-06T12:44:55","modified_gmt":"2019-11-06T11:44:55","slug":"galatina-4-novembre-2019","status":"publish","type":"post","link":"https:\/\/www.apa-alessano.com\/?p=1720","title":{"rendered":"GALATINA &#8211; 4 NOVEMBRE 2019"},"content":{"rendered":"<p style=\"text-align: center;\"><strong><span style=\"text-decoration: underline;\"><span style=\"font-size: 18pt; color: #0000ff; text-decoration: underline;\">FESTA DELL&#8217;UNITA&#8217; NAZIONALE E DELLE FORZE ARMATE.<\/span><\/span><\/strong><\/p>\n<p style=\"text-align: center;\"><span style=\"text-decoration: underline;\"><span style=\"font-size: 14pt;\"><strong>Galatina &#8211; 4 novembre 2019<\/strong><\/span><\/span><\/p>\n<p>\u00a0 \u00a0 \u00a0Luned\u00ec 4 novembre, in occasione del giorno dell\u2019Unit\u00e0 Nazionale e della giornata delle Forze Armate, la base aerea di Galatina, sede del 61\u00b0 Stormo e del 10\u00b0 Reparto Manutenzione Velivoli, \u00e8 stata aperta al pubblico.<\/p>\n<p>L&#8217;evento \u00e8 stato una valida opportunit\u00e0 per tutti gli appassionati dell\u2019Arma Azzurra che hanno potuto assistere alle fasi di decollo e atterraggio degli aerei in dotazione alla scuola di volo salentina.<\/p>\n<p>Inoltre, piloti e tecnici hanno illustrato il funzionamento dei velivoli impiegati per addestrare gli allievi: gli MB339, nelle versioni &#8220;alpha&#8221; e &#8220;charlie&#8221;, e l&#8217;avanzato T346A.<\/p>\n<p>Numerosi i cittadini e le scolaresche intervenuti.<\/p>\n<p>Un\u2019esperienza da ricordare ed un pensiero riconoscente a quanti si prodigano per la difesa della Patria!<\/p>\n<p><a href=\"https:\/\/www.apa-alessano.com\/wp-content\/uploads\/2019\/11\/DSC_0074.jpg\"><img loading=\"lazy\" decoding=\"async\" class=\"alignleft  wp-image-1722\" src=\"https:\/\/www.apa-alessano.com\/wp-content\/uploads\/2019\/11\/DSC_0074-1024x683.jpg\" alt=\"\" width=\"600\" height=\"400\" srcset=\"https:\/\/www.apa-alessano.com\/wp-content\/uploads\/2019\/11\/DSC_0074-1024x683.jpg 1024w, https:\/\/www.apa-alessano.com\/wp-content\/uploads\/2019\/11\/DSC_0074-300x200.jpg 300w, https:\/\/www.apa-alessano.com\/wp-content\/uploads\/2019\/11\/DSC_0074-768x512.jpg 768w\" sizes=\"auto, (max-width: 600px) 100vw, 600px\" \/><\/a><\/p>\n<p><a href=\"https:\/\/www.apa-alessano.com\/wp-content\/uploads\/2019\/11\/DSC_0159.jpg\"><img loading=\"lazy\" decoding=\"async\" class=\"alignleft  wp-image-1728\" src=\"https:\/\/www.apa-alessano.com\/wp-content\/uploads\/2019\/11\/DSC_0159-1024x683.jpg\" alt=\"\" width=\"600\" height=\"401\" srcset=\"https:\/\/www.apa-alessano.com\/wp-content\/uploads\/2019\/11\/DSC_0159-1024x683.jpg 1024w, https:\/\/www.apa-alessano.com\/wp-content\/uploads\/2019\/11\/DSC_0159-300x200.jpg 300w, https:\/\/www.apa-alessano.com\/wp-content\/uploads\/2019\/11\/DSC_0159-768x512.jpg 768w\" sizes=\"auto, (max-width: 600px) 100vw, 600px\" \/><\/a><\/p>\n<p>&nbsp;<\/p>\n<p>&nbsp;<\/p>\n<p>&nbsp;<\/p>\n<p>&nbsp;<\/p>\n<p>&nbsp;<\/p>\n<p>&nbsp;<\/p>\n<p>&nbsp;<\/p>\n<p>&nbsp;<\/p>\n<p>&nbsp;<\/p>\n<p><a href=\"https:\/\/www.apa-alessano.com\/wp-content\/uploads\/2019\/11\/DSC_0122.jpg\"><img loading=\"lazy\" decoding=\"async\" class=\"alignleft  wp-image-1726\" src=\"https:\/\/www.apa-alessano.com\/wp-content\/uploads\/2019\/11\/DSC_0122-1024x683.jpg\" alt=\"\" width=\"600\" height=\"400\" srcset=\"https:\/\/www.apa-alessano.com\/wp-content\/uploads\/2019\/11\/DSC_0122-1024x683.jpg 1024w, https:\/\/www.apa-alessano.com\/wp-content\/uploads\/2019\/11\/DSC_0122-300x200.jpg 300w, https:\/\/www.apa-alessano.com\/wp-content\/uploads\/2019\/11\/DSC_0122-768x512.jpg 768w\" sizes=\"auto, (max-width: 600px) 100vw, 600px\" \/><\/a><\/p>\n<p><a href=\"https:\/\/www.apa-alessano.com\/wp-content\/uploads\/2019\/11\/DSC_0067.jpg\">\u00a0<\/a>\u00a0<a href=\"https:\/\/www.apa-alessano.com\/wp-content\/uploads\/2019\/11\/DSC_0116.jpg\"><img loading=\"lazy\" decoding=\"async\" class=\"alignleft  wp-image-1725\" src=\"https:\/\/www.apa-alessano.com\/wp-content\/uploads\/2019\/11\/DSC_0116-1024x683.jpg\" alt=\"\" width=\"600\" height=\"400\" srcset=\"https:\/\/www.apa-alessano.com\/wp-content\/uploads\/2019\/11\/DSC_0116-1024x683.jpg 1024w, https:\/\/www.apa-alessano.com\/wp-content\/uploads\/2019\/11\/DSC_0116-300x200.jpg 300w, https:\/\/www.apa-alessano.com\/wp-content\/uploads\/2019\/11\/DSC_0116-768x512.jpg 768w\" sizes=\"auto, (max-width: 600px) 100vw, 600px\" \/><\/a><\/p>\n<p>&nbsp;<\/p>\n<p>&nbsp;<\/p>\n<p>&nbsp;<\/p>\n<p>&nbsp;<\/p>\n<p>&nbsp;<\/p>\n<p>&nbsp;<\/p>\n<p><a href=\"https:\/\/www.apa-alessano.com\/wp-content\/uploads\/2019\/11\/DSC_0067.jpg\"><img loading=\"lazy\" decoding=\"async\" class=\"alignleft  wp-image-1721\" src=\"https:\/\/www.apa-alessano.com\/wp-content\/uploads\/2019\/11\/DSC_0067-1024x683.jpg\" alt=\"\" width=\"600\" height=\"400\" srcset=\"https:\/\/www.apa-alessano.com\/wp-content\/uploads\/2019\/11\/DSC_0067-1024x683.jpg 1024w, https:\/\/www.apa-alessano.com\/wp-content\/uploads\/2019\/11\/DSC_0067-300x200.jpg 300w, https:\/\/www.apa-alessano.com\/wp-content\/uploads\/2019\/11\/DSC_0067-768x512.jpg 768w\" sizes=\"auto, (max-width: 600px) 100vw, 600px\" \/><\/a><\/p>\n<p><a href=\"https:\/\/www.apa-alessano.com\/wp-content\/uploads\/2019\/11\/DSC_0143.jpg\"><img loading=\"lazy\" decoding=\"async\" class=\"alignleft  wp-image-1727\" src=\"https:\/\/www.apa-alessano.com\/wp-content\/uploads\/2019\/11\/DSC_0143-1024x683.jpg\" alt=\"\" width=\"600\" height=\"400\" srcset=\"https:\/\/www.apa-alessano.com\/wp-content\/uploads\/2019\/11\/DSC_0143-1024x683.jpg 1024w, https:\/\/www.apa-alessano.com\/wp-content\/uploads\/2019\/11\/DSC_0143-300x200.jpg 300w, https:\/\/www.apa-alessano.com\/wp-content\/uploads\/2019\/11\/DSC_0143-768x512.jpg 768w\" sizes=\"auto, (max-width: 600px) 100vw, 600px\" \/><\/a><a href=\"https:\/\/www.apa-alessano.com\/wp-content\/uploads\/2019\/11\/DSC_0102.jpg\"><img loading=\"lazy\" decoding=\"async\" class=\"wp-image-1732 aligncenter\" src=\"https:\/\/www.apa-alessano.com\/wp-content\/uploads\/2019\/11\/DSC_0102-886x1024.jpg\" alt=\"\" width=\"346\" height=\"400\" srcset=\"https:\/\/www.apa-alessano.com\/wp-content\/uploads\/2019\/11\/DSC_0102-886x1024.jpg 886w, https:\/\/www.apa-alessano.com\/wp-content\/uploads\/2019\/11\/DSC_0102-260x300.jpg 260w, https:\/\/www.apa-alessano.com\/wp-content\/uploads\/2019\/11\/DSC_0102-768x888.jpg 768w\" sizes=\"auto, (max-width: 346px) 100vw, 346px\" \/><\/a><\/p>\n<p><a href=\"https:\/\/www.apa-alessano.com\/wp-content\/uploads\/2019\/11\/DSC_0098.jpg\"><img loading=\"lazy\" decoding=\"async\" class=\"alignleft  wp-image-1724\" src=\"https:\/\/www.apa-alessano.com\/wp-content\/uploads\/2019\/11\/DSC_0098-1024x683.jpg\" alt=\"\" width=\"600\" height=\"401\" srcset=\"https:\/\/www.apa-alessano.com\/wp-content\/uploads\/2019\/11\/DSC_0098-1024x683.jpg 1024w, https:\/\/www.apa-alessano.com\/wp-content\/uploads\/2019\/11\/DSC_0098-300x200.jpg 300w, https:\/\/www.apa-alessano.com\/wp-content\/uploads\/2019\/11\/DSC_0098-768x512.jpg 768w\" sizes=\"auto, (max-width: 600px) 100vw, 600px\" \/><\/a><a href=\"https:\/\/www.apa-alessano.com\/wp-content\/uploads\/2019\/11\/DSC_0096.jpg\"><img loading=\"lazy\" decoding=\"async\" class=\"wp-image-1723 alignleft\" src=\"https:\/\/www.apa-alessano.com\/wp-content\/uploads\/2019\/11\/DSC_0096-1024x683.jpg\" alt=\"\" width=\"600\" height=\"400\" srcset=\"https:\/\/www.apa-alessano.com\/wp-content\/uploads\/2019\/11\/DSC_0096-1024x683.jpg 1024w, https:\/\/www.apa-alessano.com\/wp-content\/uploads\/2019\/11\/DSC_0096-300x200.jpg 300w, https:\/\/www.apa-alessano.com\/wp-content\/uploads\/2019\/11\/DSC_0096-768x512.jpg 768w\" sizes=\"auto, (max-width: 600px) 100vw, 600px\" \/><\/a><\/p>\n<p>&nbsp;<\/p>\n","protected":false},"excerpt":{"rendered":"<p>FESTA DELL&#8217;UNITA&#8217; NAZIONALE E DELLE FORZE ARMATE. Galatina &#8211; 4 novembre 2019 \u00a0 \u00a0 \u00a0Luned\u00ec 4 novembre, in occasione del giorno dell\u2019Unit\u00e0 Nazionale e della giornata delle Forze Armate, la base aerea di Galatina, sede del 61\u00b0 Stormo e del 10\u00b0 Reparto Manutenzione Velivoli, \u00e8 stata aperta al pubblico. L&#8217;evento \u00e8 stato una valida opportunit\u00e0 [&hellip;]<\/p>\n","protected":false},"author":1,"featured_media":1733,"comment_status":"open","ping_status":"open","sticky":false,"template":"","format":"standard","meta":{"_lightning_design_setting":[],"vkexunit_cta_each_option":"","footnotes":""},"categories":[21],"tags":[],"class_list":["post-1720","post","type-post","status-publish","format-standard","has-post-thumbnail","hentry","category-gite"],"_links":{"self":[{"href":"https:\/\/www.apa-alessano.com\/index.php?rest_route=\/wp\/v2\/posts\/1720","targetHints":{"allow":["GET"]}}],"collection":[{"href":"https:\/\/www.apa-alessano.com\/index.php?rest_route=\/wp\/v2\/posts"}],"about":[{"href":"https:\/\/www.apa-alessano.com\/index.php?rest_route=\/wp\/v2\/types\/post"}],"author":[{"embeddable":true,"href":"https:\/\/www.apa-alessano.com\/index.php?rest_route=\/wp\/v2\/users\/1"}],"replies":[{"embeddable":true,"href":"https:\/\/www.apa-alessano.com\/index.php?rest_route=%2Fwp%2Fv2%2Fcomments&post=1720"}],"version-history":[{"count":4,"href":"https:\/\/www.apa-alessano.com\/index.php?rest_route=\/wp\/v2\/posts\/1720\/revisions"}],"predecessor-version":[{"id":1737,"href":"https:\/\/www.apa-alessano.com\/index.php?rest_route=\/wp\/v2\/posts\/1720\/revisions\/1737"}],"wp:featuredmedia":[{"embeddable":true,"href":"https:\/\/www.apa-alessano.com\/index.php?rest_route=\/wp\/v2\/media\/1733"}],"wp:attachment":[{"href":"https:\/\/www.apa-alessano.com\/index.php?rest_route=%2Fwp%2Fv2%2Fmedia&parent=1720"}],"wp:term":[{"taxonomy":"category","embeddable":true,"href":"https:\/\/www.apa-alessano.com\/index.php?rest_route=%2Fwp%2Fv2%2Fcategories&post=1720"},{"taxonomy":"post_tag","embeddable":true,"href":"https:\/\/www.apa-alessano.com\/index.php?rest_route=%2Fwp%2Fv2%2Ftags&post=1720"}],"curies":[{"name":"wp","href":"https:\/\/api.w.org\/{rel}","templated":true}]}}