{"id":1702,"date":"2019-08-07T16:16:52","date_gmt":"2019-08-07T15:16:52","guid":{"rendered":"http:\/\/www.apa-alessano.com\/?p=1702"},"modified":"2019-08-07T16:16:52","modified_gmt":"2019-08-07T15:16:52","slug":"ilenia-torsello-alla-festa-dellemigrante-di-alessano","status":"publish","type":"post","link":"https:\/\/www.apa-alessano.com\/?p=1702","title":{"rendered":"ILENIA TORSELLO ALLA &#8220;FESTA DELL&#8217;EMIGRANTE&#8221; DI ALESSANO"},"content":{"rendered":"<p style=\"text-align: center;\"><span style=\"font-size: 18pt;\"><u>Alessano \u2013 8 Luglio 2019: \u201cFESTA DELL\u2019EMIGRANTE\u201d<\/u><\/span><\/p>\n<p style=\"text-align: center;\">ILENIA TORSELLO alla festa dell\u2019Emigrante di Alessano<\/p>\n<p><a href=\"https:\/\/www.apa-alessano.com\/wp-content\/uploads\/2019\/08\/3.jpg\"><img loading=\"lazy\" decoding=\"async\" class=\"wp-image-1703 aligncenter\" src=\"https:\/\/www.apa-alessano.com\/wp-content\/uploads\/2019\/08\/3.jpg\" alt=\"\" width=\"306\" height=\"306\" srcset=\"https:\/\/www.apa-alessano.com\/wp-content\/uploads\/2019\/08\/3.jpg 960w, https:\/\/www.apa-alessano.com\/wp-content\/uploads\/2019\/08\/3-150x150.jpg 150w, https:\/\/www.apa-alessano.com\/wp-content\/uploads\/2019\/08\/3-300x300.jpg 300w, https:\/\/www.apa-alessano.com\/wp-content\/uploads\/2019\/08\/3-768x768.jpg 768w\" sizes=\"auto, (max-width: 306px) 100vw, 306px\" \/><\/a><\/p>\n<p>In coincidenza con la festa nazionale del lavoro degli italiani all\u2019estero ad Alessano\u00a0 \u00e8 programmata la festa dell\u2019EMIGRANTE (3^ Edizione) per ricordare e ringraziare tutti gli emigranti e le loro famiglie per il contributo dato alla nostra comunit\u00e0 per la crescita economica e sociale con il loro lavoro all\u2019estero.<\/p>\n<p><strong>PROGRAMMA:<\/strong><\/p>\n<p><strong>h 19.00 &#8211; Messa di ringraziamento<\/strong> (presso cappella della Madonna Assunta).<br \/>\n<strong>h 20.30 &#8211; Momento conviviale<\/strong> (presso sede dell\u2019Associazione in piazza don Tonino Bello).<br \/>\n<strong>h 21.00 \u2013 Spettacolo musicale<\/strong> (p.zza don Tonino Bello) con la partecipazione straordinaria di Ilenia Torsello (Docente di musica in Qatar presso il Doha College).<\/p>\n<p style=\"text-align: center;\">***<\/p>\n<p>Dalla biografia di Ilenia Torsello: \u201cDa Alessano agli USA e al Qatar, inseguendo Mozart\u201d<br \/>\ndi Francesco Greco<\/p>\n<p>\u201c\u2026 Arrivo in Qatar il 23 agosto 2015. Si apre il portellone dell\u2019aereo, ore 23:00 , 43 gradi. E\u2019 stato come aprire un forno! Un caldo indescrivibile, nonostante l\u2019ora notturna. Questo \u00e8 stato il primo shock.<br \/>\nPoi quello culturale. Durante le prime settimane, ho dovuto ambientarmi e fare I conti con i 50 gradi diurni. Forse \u00e8 l\u2019unica cosa alla quale non ci si abitua.<br \/>\nLa citt\u00e0 Doha \u00e8 un mix di etnie, culture, modi di vestire e di vivere. E\u2019 in continua crescita e la migrazione dall\u2019Europa \u00e8 un processo inarrestabile. Tantissimi italiani sono assunti qui dalle migliori aziende di costruzioni, scuole e non solo.<br \/>\nLa mia scuola \u00e8 stata la prima ad essere fondata in citt\u00e0 38 anni fa ed \u00e9 in continua espansione.<br \/>\nE\u2019 in progetto il nuovo campus che vedr\u00e0 il Doha college, con i suoi 90.000 metri quadri, come la terza scuola pi\u00f9 grande del mondo e io non posso che esserne orgogliosa di farne parte. (\u2026)<br \/>\nGrazie a questo lavoro mi sento finalmente realizzata e ho l\u2019opportunit\u00e0 di tornare spesso in Italia e nella mia amata Alessano\u201d.<\/p>\n<p><iframe loading=\"lazy\" title=\"Trio for violin, clarinet and piano, Aram Khachaturian\" width=\"1140\" height=\"641\" src=\"https:\/\/www.youtube.com\/embed\/caI9AcBcO6k?start=53&#038;feature=oembed\" frameborder=\"0\" allow=\"accelerometer; autoplay; clipboard-write; encrypted-media; gyroscope; picture-in-picture; web-share\" referrerpolicy=\"strict-origin-when-cross-origin\" allowfullscreen><\/iframe><\/p>\n<p>&nbsp;<\/p>\n","protected":false},"excerpt":{"rendered":"<p>Alessano \u2013 8 Luglio 2019: \u201cFESTA DELL\u2019EMIGRANTE\u201d ILENIA TORSELLO alla festa dell\u2019Emigrante di Alessano In coincidenza con la festa nazionale del lavoro degli italiani all\u2019estero ad Alessano\u00a0 \u00e8 programmata la festa dell\u2019EMIGRANTE (3^ Edizione) per ricordare e ringraziare tutti gli emigranti e le loro famiglie per il contributo dato alla nostra comunit\u00e0 per la crescita [&hellip;]<\/p>\n","protected":false},"author":1,"featured_media":1704,"comment_status":"open","ping_status":"open","sticky":false,"template":"","format":"standard","meta":{"_lightning_design_setting":[],"vkexunit_cta_each_option":"","footnotes":""},"categories":[25],"tags":[],"class_list":["post-1702","post","type-post","status-publish","format-standard","has-post-thumbnail","hentry","category-associazione-emigranti"],"_links":{"self":[{"href":"https:\/\/www.apa-alessano.com\/index.php?rest_route=\/wp\/v2\/posts\/1702","targetHints":{"allow":["GET"]}}],"collection":[{"href":"https:\/\/www.apa-alessano.com\/index.php?rest_route=\/wp\/v2\/posts"}],"about":[{"href":"https:\/\/www.apa-alessano.com\/index.php?rest_route=\/wp\/v2\/types\/post"}],"author":[{"embeddable":true,"href":"https:\/\/www.apa-alessano.com\/index.php?rest_route=\/wp\/v2\/users\/1"}],"replies":[{"embeddable":true,"href":"https:\/\/www.apa-alessano.com\/index.php?rest_route=%2Fwp%2Fv2%2Fcomments&post=1702"}],"version-history":[{"count":1,"href":"https:\/\/www.apa-alessano.com\/index.php?rest_route=\/wp\/v2\/posts\/1702\/revisions"}],"predecessor-version":[{"id":1705,"href":"https:\/\/www.apa-alessano.com\/index.php?rest_route=\/wp\/v2\/posts\/1702\/revisions\/1705"}],"wp:featuredmedia":[{"embeddable":true,"href":"https:\/\/www.apa-alessano.com\/index.php?rest_route=\/wp\/v2\/media\/1704"}],"wp:attachment":[{"href":"https:\/\/www.apa-alessano.com\/index.php?rest_route=%2Fwp%2Fv2%2Fmedia&parent=1702"}],"wp:term":[{"taxonomy":"category","embeddable":true,"href":"https:\/\/www.apa-alessano.com\/index.php?rest_route=%2Fwp%2Fv2%2Fcategories&post=1702"},{"taxonomy":"post_tag","embeddable":true,"href":"https:\/\/www.apa-alessano.com\/index.php?rest_route=%2Fwp%2Fv2%2Ftags&post=1702"}],"curies":[{"name":"wp","href":"https:\/\/api.w.org\/{rel}","templated":true}]}}