{"id":1468,"date":"2019-01-20T17:07:25","date_gmt":"2019-01-20T16:07:25","guid":{"rendered":"http:\/\/www.apa-alessano.com\/?p=1468"},"modified":"2019-01-20T17:07:25","modified_gmt":"2019-01-20T16:07:25","slug":"giochi-matematici-2019","status":"publish","type":"post","link":"https:\/\/www.apa-alessano.com\/?p=1468","title":{"rendered":"GIOCHI MATEMATICI 2019"},"content":{"rendered":"<p style=\"text-align: center;\"><span style=\"font-size: 18pt;\">Al via i Campionati Internazionali 2019<\/span><\/p>\n<p style=\"text-align: center;\">\u00a0\u00a0 Aperte le iscrizioni alla ventiseiesima edizione italiana dei\u00a0<strong>Campionati Internazionali di Giochi Matematici<\/strong>\u00a0organizzati dal PRISTEM.<br \/>\nIl primo appuntamento: le Semifinali del 16 marzo 2019.<br \/>\nLe<strong>\u00a0iscrizioni sono aperte fino al 9 febbraio 2019<\/strong>.<br \/>\nDi seguito tutte le\u00a0<strong>informazioni<\/strong>\u00a0sulla competizione e le\u00a0<strong>modalit\u00e0 di partecipazione.<br \/>\n<\/strong><span style=\"color: #ff0000;\"><span style=\"font-size: 24pt;\"><strong>16 Marzo 2019<br \/>\n<\/strong><\/span><span style=\"font-size: 18pt;\">CAMPIONATI INTERNAZIONALI DI GIOCHI MATEMATICI<br \/>\n<\/span><span style=\"font-size: 18pt;\">Semifinali<br \/>\n<\/span><\/span><strong>Centro PRISTEM &#8211; Universit\u00e0 Bocconi<\/strong><a href=\"https:\/\/www.apa-alessano.com\/wp-content\/uploads\/2019\/01\/pristem-2.jpg\"><img loading=\"lazy\" decoding=\"async\" class=\"wp-image-1469 aligncenter\" src=\"https:\/\/www.apa-alessano.com\/wp-content\/uploads\/2019\/01\/pristem-2-721x1024.jpg\" alt=\"\" width=\"445\" height=\"632\" srcset=\"https:\/\/www.apa-alessano.com\/wp-content\/uploads\/2019\/01\/pristem-2-721x1024.jpg 721w, https:\/\/www.apa-alessano.com\/wp-content\/uploads\/2019\/01\/pristem-2-211x300.jpg 211w, https:\/\/www.apa-alessano.com\/wp-content\/uploads\/2019\/01\/pristem-2-768x1091.jpg 768w, https:\/\/www.apa-alessano.com\/wp-content\/uploads\/2019\/01\/pristem-2.jpg 1967w\" sizes=\"auto, (max-width: 445px) 100vw, 445px\" \/><\/a><\/p>\n<p>\u00a0 \u00a0 I &#8220;Campionati internazionali di Giochi matematici&#8221; sono una gara articolata in tre fasi: le\u00a0<strong>semifinali<\/strong>\u00a0(che si terranno nelle diverse sedi il\u00a0<strong>16 marzo 2019<\/strong>), la\u00a0<strong>finale nazionale<\/strong>\u00a0(che si svolger\u00e0 a Milano, in Bocconi, il 11 maggio 2019) e la\u00a0<strong>finalissima internazionale<\/strong>, prevista a Parigi a fine agosto 2019.<br \/>\nIn ognuna di queste competizioni (semifinale, finale e finalissima internazionale), i concorrenti saranno di fronte ad un certo numero di quesiti (di solito, tra 8 e 10) che devono risolvere in 90 minuti (per la categoria C1) o in 120 minuti per le altre categorie.<br \/>\n<strong>LE SEMIFINALI<\/strong>. Si terranno in un centinaio di\u00a0<a href=\"https:\/\/giochimatematici.unibocconi.it\/images\/campionati\/2019\/Sedi2019.pdf\"><strong>sedi<\/strong><\/a>\u00a0il 16 marzo 2019. I primi classificati di ogni semifinale locale (circa il 10% degli effettivi partecipanti) verranno ammessi alla fase successiva ovvero alla finale nazionale. Secondo le difficolt\u00e0 degli esercizi potr\u00e0 essere richiesto, per accedere alla finale nazionale, anche un numero minimo di esercizi correttamente risolti. Tale numero verr\u00e0 precisato prima della gara, insieme alle percentuali di ammissione per ogni Categoria.<br \/>\n<strong>\u00a0 \u00a0LA FINALE NAZIONALE.<\/strong>\u00a0Si svolger\u00e0 a Milano, presso l&#8217;Universit\u00e0 Bocconi, nel pomeriggio di sabato 11 maggio 2019. In questa occasione verr\u00e0 selezionata la squadra che rappresenter\u00e0 l&#8217;Italia alla Finale internazionale di Parigi di fine agosto. La squadra sar\u00e0 costituita per ciascuna delle categorie L1, L2, GP dai primi tre classificati e dai primi cinque classificati per ciascuna delle categorie C1 e C2. Interessanti e divertenti premi aspettano comunque i migliori finalisti.<br \/>\n<strong>FINALE INTERNAZIONALE.<\/strong>\u00a0La Finale internazionale dei Campionati si terr\u00e0 a Parigi a fine agosto 2019.<br \/>\n<strong>\u00a0 \u00a0CATEGORIE.<\/strong>\u00a0Le difficolt\u00e0 dei &#8220;giochi&#8221; sono previste in funzione delle diverse categorie:<br \/>\n<strong>C1<\/strong>\u00a0(per gli studenti di prima e seconda secondaria di primo grado);<br \/>\n<strong>C2<\/strong>\u00a0(per gli studenti di terza seconda secondaria di primo grado e prima seconda secondaria di secondo grado);<br \/>\n<strong>L1<\/strong>\u00a0(per gli studenti di seconda, terza e quarta superiore);<br \/>\n<strong>L2<\/strong>\u00a0(per gli studenti di quinta superiore e del primo biennio universitario).<br \/>\n<strong>GP<\/strong>\u00a0(&#8220;grande pubblico&#8221; riservato agli adulti, dal 3\u00b0 anno di Universit\u00e0 &#8230; ai classici 99 anni di et\u00e0).<br \/>\n<strong>CE<\/strong> (4^ e\u00a0 5^ scuola primaria): per questa categoria consultare il sito <a href=\"http:\/\/www.mateinitaly.it\">www.mateinitaly.it<\/a>\u00a0 \u201cCampionai Iunior\u201d.<\/p>\n<p style=\"text-align: center;\"><a href=\"https:\/\/www.apa-alessano.com\/wp-content\/uploads\/2019\/01\/IMG_6003.jpg\"><img loading=\"lazy\" decoding=\"async\" class=\"size-large wp-image-1472 aligncenter\" src=\"https:\/\/www.apa-alessano.com\/wp-content\/uploads\/2019\/01\/IMG_6003-1024x683.jpg\" alt=\"\" width=\"750\" height=\"500\" srcset=\"https:\/\/www.apa-alessano.com\/wp-content\/uploads\/2019\/01\/IMG_6003-1024x683.jpg 1024w, https:\/\/www.apa-alessano.com\/wp-content\/uploads\/2019\/01\/IMG_6003-300x200.jpg 300w, https:\/\/www.apa-alessano.com\/wp-content\/uploads\/2019\/01\/IMG_6003-768x512.jpg 768w\" sizes=\"auto, (max-width: 750px) 100vw, 750px\" \/><\/a><\/p>\n<p style=\"text-align: center;\">&#8220;Giochi Matematici&#8221;- edizione 2018: un gruppo di partecipanti.<\/p>\n<p>&nbsp;<\/p>\n<p style=\"text-align: center;\">\n","protected":false},"excerpt":{"rendered":"<p>Al via i Campionati Internazionali 2019 \u00a0\u00a0 Aperte le iscrizioni alla ventiseiesima edizione italiana dei\u00a0Campionati Internazionali di Giochi Matematici\u00a0organizzati dal PRISTEM. Il primo appuntamento: le Semifinali del 16 marzo 2019. Le\u00a0iscrizioni sono aperte fino al 9 febbraio 2019. Di seguito tutte le\u00a0informazioni\u00a0sulla competizione e le\u00a0modalit\u00e0 di partecipazione. 16 Marzo 2019 CAMPIONATI INTERNAZIONALI DI GIOCHI MATEMATICI [&hellip;]<\/p>\n","protected":false},"author":1,"featured_media":1471,"comment_status":"open","ping_status":"open","sticky":false,"template":"","format":"standard","meta":{"_lightning_design_setting":[],"vkexunit_cta_each_option":"","footnotes":""},"categories":[26],"tags":[],"class_list":["post-1468","post","type-post","status-publish","format-standard","has-post-thumbnail","hentry","category-giochi-matematici"],"_links":{"self":[{"href":"https:\/\/www.apa-alessano.com\/index.php?rest_route=\/wp\/v2\/posts\/1468","targetHints":{"allow":["GET"]}}],"collection":[{"href":"https:\/\/www.apa-alessano.com\/index.php?rest_route=\/wp\/v2\/posts"}],"about":[{"href":"https:\/\/www.apa-alessano.com\/index.php?rest_route=\/wp\/v2\/types\/post"}],"author":[{"embeddable":true,"href":"https:\/\/www.apa-alessano.com\/index.php?rest_route=\/wp\/v2\/users\/1"}],"replies":[{"embeddable":true,"href":"https:\/\/www.apa-alessano.com\/index.php?rest_route=%2Fwp%2Fv2%2Fcomments&post=1468"}],"version-history":[{"count":3,"href":"https:\/\/www.apa-alessano.com\/index.php?rest_route=\/wp\/v2\/posts\/1468\/revisions"}],"predecessor-version":[{"id":1474,"href":"https:\/\/www.apa-alessano.com\/index.php?rest_route=\/wp\/v2\/posts\/1468\/revisions\/1474"}],"wp:featuredmedia":[{"embeddable":true,"href":"https:\/\/www.apa-alessano.com\/index.php?rest_route=\/wp\/v2\/media\/1471"}],"wp:attachment":[{"href":"https:\/\/www.apa-alessano.com\/index.php?rest_route=%2Fwp%2Fv2%2Fmedia&parent=1468"}],"wp:term":[{"taxonomy":"category","embeddable":true,"href":"https:\/\/www.apa-alessano.com\/index.php?rest_route=%2Fwp%2Fv2%2Fcategories&post=1468"},{"taxonomy":"post_tag","embeddable":true,"href":"https:\/\/www.apa-alessano.com\/index.php?rest_route=%2Fwp%2Fv2%2Ftags&post=1468"}],"curies":[{"name":"wp","href":"https:\/\/api.w.org\/{rel}","templated":true}]}}