{"id":1322,"date":"2018-08-18T13:36:35","date_gmt":"2018-08-18T12:36:35","guid":{"rendered":"http:\/\/www.apa-alessano.com\/?p=1322"},"modified":"2018-08-18T13:36:35","modified_gmt":"2018-08-18T12:36:35","slug":"salentino-nellolimpo-dei-matematici","status":"publish","type":"post","link":"https:\/\/www.apa-alessano.com\/?p=1322","title":{"rendered":"SALENTINO NELL&#8217;OLIMPO DEI MATEMATICI"},"content":{"rendered":"<p style=\"text-align: center;\">Luigi Macr\u00ec, della scuola Secondaria di I grado &#8220;Quinto Ennio&#8221; di Lecce<br \/>\nparteciper\u00e0 alla finale internazionale dei Giochi Matematici<br \/>\nche si terr\u00e0 a Parigi.<\/p>\n<p style=\"text-align: left;\"><a href=\"https:\/\/www.apa-alessano.com\/wp-content\/uploads\/2018\/08\/Gazzetta-1.jpg\"><img loading=\"lazy\" decoding=\"async\" class=\"size-large wp-image-1323 aligncenter\" src=\"https:\/\/www.apa-alessano.com\/wp-content\/uploads\/2018\/08\/Gazzetta-1-1024x286.jpg\" alt=\"\" width=\"750\" height=\"209\" srcset=\"https:\/\/www.apa-alessano.com\/wp-content\/uploads\/2018\/08\/Gazzetta-1-1024x286.jpg 1024w, https:\/\/www.apa-alessano.com\/wp-content\/uploads\/2018\/08\/Gazzetta-1-300x84.jpg 300w, https:\/\/www.apa-alessano.com\/wp-content\/uploads\/2018\/08\/Gazzetta-1-768x215.jpg 768w\" sizes=\"auto, (max-width: 750px) 100vw, 750px\" \/><\/a><\/p>\n<p style=\"text-align: left;\"><a href=\"https:\/\/www.apa-alessano.com\/wp-content\/uploads\/2018\/08\/Gazzetta-Macri.jpg\"><img loading=\"lazy\" decoding=\"async\" class=\"size-large wp-image-1337 aligncenter\" src=\"https:\/\/www.apa-alessano.com\/wp-content\/uploads\/2018\/08\/Gazzetta-Macri-1024x686.jpg\" alt=\"\" width=\"750\" height=\"502\" srcset=\"https:\/\/www.apa-alessano.com\/wp-content\/uploads\/2018\/08\/Gazzetta-Macri-1024x686.jpg 1024w, https:\/\/www.apa-alessano.com\/wp-content\/uploads\/2018\/08\/Gazzetta-Macri-300x201.jpg 300w, https:\/\/www.apa-alessano.com\/wp-content\/uploads\/2018\/08\/Gazzetta-Macri-768x515.jpg 768w, https:\/\/www.apa-alessano.com\/wp-content\/uploads\/2018\/08\/Gazzetta-Macri.jpg 1970w\" sizes=\"auto, (max-width: 750px) 100vw, 750px\" \/><\/a><a href=\"https:\/\/www.apa-alessano.com\/wp-content\/uploads\/2018\/08\/Gazzetta-Macr\u00ec-2.jpg\"><img loading=\"lazy\" decoding=\"async\" class=\"alignleft size-medium wp-image-1328\" src=\"https:\/\/www.apa-alessano.com\/wp-content\/uploads\/2018\/08\/Gazzetta-Macr\u00ec-2-300x201.jpg\" alt=\"\" width=\"300\" height=\"201\" \/><\/a><\/p>\n<p><a href=\"https:\/\/www.apa-alessano.com\/wp-content\/uploads\/2018\/08\/Gazzetta-Macr\u00ec-2.jpg\"><img loading=\"lazy\" decoding=\"async\" class=\"alignleft size-medium wp-image-1327\" src=\"https:\/\/www.apa-alessano.com\/wp-content\/uploads\/2018\/08\/Gazzetta-Macr\u00ec-2-300x201.jpg\" alt=\"\" width=\"300\" height=\"201\" \/><\/a><\/p>\n<p><a href=\"https:\/\/www.apa-alessano.com\/wp-content\/uploads\/2018\/08\/Gazzetta-Macr\u00ec.jpg\"><img loading=\"lazy\" decoding=\"async\" class=\"alignleft size-large wp-image-1326\" src=\"https:\/\/www.apa-alessano.com\/wp-content\/uploads\/2018\/08\/Gazzetta-Macr\u00ec-1024x686.jpg\" alt=\"\" width=\"750\" height=\"502\" \/><\/a><\/p>\n<p><a href=\"https:\/\/www.apa-alessano.com\/wp-content\/uploads\/2018\/08\/Gazzetta-Macr\u00ec.jpg\"><img loading=\"lazy\" decoding=\"async\" class=\"alignleft size-large wp-image-1324\" src=\"https:\/\/www.apa-alessano.com\/wp-content\/uploads\/2018\/08\/Gazzetta-Macr\u00ec-1024x686.jpg\" alt=\"\" width=\"750\" height=\"502\" \/><\/a><a href=\"https:\/\/www.apa-alessano.com\/wp-content\/uploads\/2018\/08\/Gazzetta-Macr\u00ec.jpg\"><img loading=\"lazy\" decoding=\"async\" class=\"alignleft size-large wp-image-1326\" src=\"https:\/\/www.apa-alessano.com\/wp-content\/uploads\/2018\/08\/Gazzetta-Macr\u00ec-1024x686.jpg\" alt=\"\" width=\"750\" height=\"502\" \/><\/a><\/p>\n","protected":false},"excerpt":{"rendered":"<p>Luigi Macr\u00ec, della scuola Secondaria di I grado &#8220;Quinto Ennio&#8221; di Lecce parteciper\u00e0 alla finale internazionale dei Giochi Matematici che si terr\u00e0 a Parigi.<\/p>\n","protected":false},"author":1,"featured_media":1337,"comment_status":"open","ping_status":"open","sticky":false,"template":"","format":"standard","meta":{"_lightning_design_setting":[],"vkexunit_cta_each_option":"","footnotes":""},"categories":[26,1],"tags":[],"class_list":["post-1322","post","type-post","status-publish","format-standard","has-post-thumbnail","hentry","category-giochi-matematici","category-uncategorized"],"_links":{"self":[{"href":"https:\/\/www.apa-alessano.com\/index.php?rest_route=\/wp\/v2\/posts\/1322","targetHints":{"allow":["GET"]}}],"collection":[{"href":"https:\/\/www.apa-alessano.com\/index.php?rest_route=\/wp\/v2\/posts"}],"about":[{"href":"https:\/\/www.apa-alessano.com\/index.php?rest_route=\/wp\/v2\/types\/post"}],"author":[{"embeddable":true,"href":"https:\/\/www.apa-alessano.com\/index.php?rest_route=\/wp\/v2\/users\/1"}],"replies":[{"embeddable":true,"href":"https:\/\/www.apa-alessano.com\/index.php?rest_route=%2Fwp%2Fv2%2Fcomments&post=1322"}],"version-history":[{"count":3,"href":"https:\/\/www.apa-alessano.com\/index.php?rest_route=\/wp\/v2\/posts\/1322\/revisions"}],"predecessor-version":[{"id":1340,"href":"https:\/\/www.apa-alessano.com\/index.php?rest_route=\/wp\/v2\/posts\/1322\/revisions\/1340"}],"wp:featuredmedia":[{"embeddable":true,"href":"https:\/\/www.apa-alessano.com\/index.php?rest_route=\/wp\/v2\/media\/1337"}],"wp:attachment":[{"href":"https:\/\/www.apa-alessano.com\/index.php?rest_route=%2Fwp%2Fv2%2Fmedia&parent=1322"}],"wp:term":[{"taxonomy":"category","embeddable":true,"href":"https:\/\/www.apa-alessano.com\/index.php?rest_route=%2Fwp%2Fv2%2Fcategories&post=1322"},{"taxonomy":"post_tag","embeddable":true,"href":"https:\/\/www.apa-alessano.com\/index.php?rest_route=%2Fwp%2Fv2%2Ftags&post=1322"}],"curies":[{"name":"wp","href":"https:\/\/api.w.org\/{rel}","templated":true}]}}