{"id":1160,"date":"2018-05-18T20:28:07","date_gmt":"2018-05-18T19:28:07","guid":{"rendered":"http:\/\/www.apa-alessano.com\/?p=1160"},"modified":"2018-05-18T20:30:11","modified_gmt":"2018-05-18T19:30:11","slug":"gita-a-matera-e-taranto","status":"publish","type":"post","link":"https:\/\/www.apa-alessano.com\/?p=1160","title":{"rendered":"GITA A MATERA E TARANTO"},"content":{"rendered":"<p style=\"text-align: center;\">E&#8217; in programma per domenica 17 giugno 2018 la gita sociale<br \/>\nper conoscere alcune delle localit\u00e0 pi\u00f9 interessanti e ricche di storia,<br \/>\ntradizioni e opere d&#8217;arte del nostro Meridione:\u00a0 Matera, Taranto e Martina Franca.<\/p>\n<p style=\"background: white; margin: 6.0pt 0cm 6.0pt 0cm;\"><span style=\"font-size: 12pt; font-family: 'times new roman', times, serif; color: #222222;\"><strong>Matera<\/strong>: nota con gli appellativi di &#8220;<i>Citt\u00e0 dei Sassi<\/i>&#8221; e &#8220;<i>Citt\u00e0 Sotterranea<\/i>&#8220;, \u00e8 conosciuta per gli storici rioni\u00a0<a title=\"Sassi di Matera\" href=\"https:\/\/it.wikipedia.org\/wiki\/Sassi_di_Matera\"><span style=\"color: #0b0080; text-decoration: none; text-underline: none;\">Sassi<\/span><\/a>, che fanno di Matera una delle citt\u00e0 ancora abitate pi\u00f9 antiche al mondo<sup id=\"cite_ref-Chisena_9-0\" style=\"unicode-bidi: isolate;\"><a href=\"https:\/\/it.wikipedia.org\/wiki\/Matera#cite_note-Chisena-9\"><span style=\"color: #0b0080; text-decoration: none; text-underline: none;\">.<\/span><\/a><\/sup> I\u00a0<i>Sassi<\/i>\u00a0sono stati riconosciuti il 9 dicembre\u00a0<a title=\"1993\" href=\"https:\/\/it.wikipedia.org\/wiki\/1993\"><span style=\"color: #0b0080; text-decoration: none; text-underline: none;\">1993<\/span><\/a> \u201c<a title=\"Patrimonio dell'umanit\u00e0\" href=\"https:\/\/it.wikipedia.org\/wiki\/Patrimonio_dell%27umanit%C3%A0\"><span style=\"color: #0b0080; text-decoration: none; text-underline: none;\">Patrimonio dell&#8217;umanit\u00e0<\/span><\/a>\u00a0dall&#8217;<a title=\"Organizzazione delle Nazioni Unite per l'educazione, la scienza e la cultura\" href=\"https:\/\/it.wikipedia.org\/wiki\/Organizzazione_delle_Nazioni_Unite_per_l%27educazione,_la_scienza_e_la_cultura\"><span style=\"color: #0b0080; text-decoration: none; text-underline: none;\">UNESCO<\/span><\/a>\u201d.<\/span><\/p>\n<p><span style=\"font-family: 'times new roman', times, serif; font-size: 12pt;\"><strong>Taranto<\/strong>: a<span style=\"color: #222222;\">ntica colonia\u00a0<a title=\"Magna Grecia\" href=\"https:\/\/it.wikipedia.org\/wiki\/Magna_Grecia\"><span style=\"color: #0b0080; text-decoration: none; text-underline: none;\">magnogreca<\/span><\/a>, conosciuta come &#8220;Citt\u00e0 dei due mari&#8221; per la sua posizione geografica a cavallo del\u00a0<a title=\"Taranto\" href=\"https:\/\/it.wikipedia.org\/wiki\/Taranto#Mar_Grande_e_Mar_Piccolo\"><span style=\"color: #0b0080; text-decoration: none; text-underline: none;\">Mar Grande<\/span><\/a>\u00a0e del\u00a0<a title=\"Taranto\" href=\"https:\/\/it.wikipedia.org\/wiki\/Taranto#Mar_Grande_e_Mar_Piccolo\"><span style=\"color: #0b0080; text-decoration: none; text-underline: none;\">Mar Piccolo<\/span><\/a>, come &#8220;Terra dei delfini&#8221; per lo storico insediamento di un gruppo di cetacei oltre le\u00a0<a title=\"Isole Cheradi\" href=\"https:\/\/it.wikipedia.org\/wiki\/Isole_Cheradi\"><span style=\"color: #0b0080; text-decoration: none; text-underline: none;\">Isole Cheradi<\/span><\/a>, nonch\u00e9 come\u00a0<i>Citt\u00e0 spartana<\/i>\u00a0essendo stata fondata dai\u00a0<a title=\"Partheni (Sparta)\" href=\"https:\/\/it.wikipedia.org\/wiki\/Partheni_(Sparta)\"><span style=\"color: #0b0080; text-decoration: none; text-underline: none;\">Parteni<\/span><\/a>\u00a0come unica colonia\u00a0<a title=\"Sparta\" href=\"https:\/\/it.wikipedia.org\/wiki\/Sparta\"><span style=\"color: #0b0080; text-decoration: none; text-underline: none;\">Spartana<\/span><\/a>\u00a0al di fuori del territorio della\u00a0<a title=\"Grecia\" href=\"https:\/\/it.wikipedia.org\/wiki\/Grecia\"><span style=\"color: #0b0080; text-decoration: none; text-underline: none;\">Grecia<\/span><\/a>.<sup id=\"cite_ref-5\" style=\"unicode-bidi: isolate;\"><a href=\"https:\/\/it.wikipedia.org\/wiki\/Taranto#cite_note-5\"><span style=\"color: #0b0080; text-decoration: none; text-underline: none;\">[5]<\/span><\/a><a href=\"https:\/\/it.wikipedia.org\/wiki\/Taranto#cite_note-6\"><span style=\"color: #0b0080; text-decoration: none; text-underline: none;\">[6]<\/span><\/a><\/sup>, costituisce geograficamente l&#8217;imboccatura della\u00a0<a title=\"Salento\" href=\"https:\/\/it.wikipedia.org\/wiki\/Salento\"><span style=\"color: #0b0080; text-decoration: none; text-underline: none;\">penisola salentina<\/span><\/a>.<\/span><\/span><\/p>\n<p><span style=\"font-family: 'times new roman', times, serif;\"><strong>Martina Franca<\/strong>: Citt\u00e0 simbolo di eleganza e di raffinatezza, Martina Franca incanta per il tripudio della decorazione architettonica in pietra calcarea, che avvolge ogni singolo scorcio con virtuosismi settecenteschi di straordinaria creativit\u00e0. Il centro storico \u00e8 animato da un energico spirito artistico e culturale nato dall&#8217;estro e dalla fantasia di scalpellini, architetti e artisti, spesso velati dall&#8217;anonimia, la cui eccezionale genialit\u00e0 \u00e8 stata in grado di sintetizzare stimoli e correnti artistiche, spesso molto differenti, in una miscellanea di linee barocche e rococ\u00f2.<\/span><\/p>\n<p style=\"text-align: center;\">[gview file=&#8221;https:\/\/www.apa-alessano.com\/wp-content\/uploads\/2018\/05\/Viaggio-a-Matera-e-Taranto.docx&#8221;]<\/p>\n<p>&nbsp;<\/p>\n","protected":false},"excerpt":{"rendered":"<p>E&#8217; in programma per domenica 17 giugno 2018 la gita sociale per conoscere alcune delle localit\u00e0 pi\u00f9 interessanti e ricche di storia, tradizioni e opere d&#8217;arte del nostro Meridione:\u00a0 Matera, Taranto e Martina Franca. Matera: nota con gli appellativi di &#8220;Citt\u00e0 dei Sassi&#8221; e &#8220;Citt\u00e0 Sotterranea&#8220;, \u00e8 conosciuta per gli storici rioni\u00a0Sassi, che fanno di [&hellip;]<\/p>\n","protected":false},"author":1,"featured_media":1162,"comment_status":"open","ping_status":"open","sticky":false,"template":"","format":"standard","meta":{"_lightning_design_setting":[],"vkexunit_cta_each_option":"","footnotes":""},"categories":[23,21],"tags":[],"class_list":["post-1160","post","type-post","status-publish","format-standard","has-post-thumbnail","hentry","category-eventi","category-gite"],"_links":{"self":[{"href":"https:\/\/www.apa-alessano.com\/index.php?rest_route=\/wp\/v2\/posts\/1160","targetHints":{"allow":["GET"]}}],"collection":[{"href":"https:\/\/www.apa-alessano.com\/index.php?rest_route=\/wp\/v2\/posts"}],"about":[{"href":"https:\/\/www.apa-alessano.com\/index.php?rest_route=\/wp\/v2\/types\/post"}],"author":[{"embeddable":true,"href":"https:\/\/www.apa-alessano.com\/index.php?rest_route=\/wp\/v2\/users\/1"}],"replies":[{"embeddable":true,"href":"https:\/\/www.apa-alessano.com\/index.php?rest_route=%2Fwp%2Fv2%2Fcomments&post=1160"}],"version-history":[{"count":2,"href":"https:\/\/www.apa-alessano.com\/index.php?rest_route=\/wp\/v2\/posts\/1160\/revisions"}],"predecessor-version":[{"id":1164,"href":"https:\/\/www.apa-alessano.com\/index.php?rest_route=\/wp\/v2\/posts\/1160\/revisions\/1164"}],"wp:featuredmedia":[{"embeddable":true,"href":"https:\/\/www.apa-alessano.com\/index.php?rest_route=\/wp\/v2\/media\/1162"}],"wp:attachment":[{"href":"https:\/\/www.apa-alessano.com\/index.php?rest_route=%2Fwp%2Fv2%2Fmedia&parent=1160"}],"wp:term":[{"taxonomy":"category","embeddable":true,"href":"https:\/\/www.apa-alessano.com\/index.php?rest_route=%2Fwp%2Fv2%2Fcategories&post=1160"},{"taxonomy":"post_tag","embeddable":true,"href":"https:\/\/www.apa-alessano.com\/index.php?rest_route=%2Fwp%2Fv2%2Ftags&post=1160"}],"curies":[{"name":"wp","href":"https:\/\/api.w.org\/{rel}","templated":true}]}}